{"id":33961,"date":"2025-02-17T23:29:28","date_gmt":"2025-02-17T21:29:28","guid":{"rendered":"https:\/\/stad10.com\/?p=33961"},"modified":"2025-02-17T23:29:28","modified_gmt":"2025-02-17T21:29:28","slug":"the-real-madrid-announcement-after-the-meeting-with-medina-cantalejo-the-head-of-referees","status":"publish","type":"post","link":"https:\/\/stad10.com\/?p=33961","title":{"rendered":"The Real Madrid Announcement After the Meeting with Medina Cantalejo, the Head of Referees"},"content":{"rendered":"<p>In a highly anticipated meeting that took place this Monday at the Federation\u2019s headquarters, Jos\u00e9 \u00c1ngel S\u00e1nchez, Florentino P\u00e9rez\u2019s trusted right-hand man, met with Medina Cantalejo, the president of Spain\u2019s Technical Committee of Referees (CTA). The outcome of the meeting and the subsequent statement released by Real Madrid highlight the club\u2019s ongoing concerns regarding refereeing decisions that have sparked controversy in recent weeks.<\/p>\n<p>Real Madrid\u2019s frustrations have been mounting since their Matchday 22 fixture against Espanyol Barcelona, where the club felt aggrieved by a series of contentious refereeing calls. One of the most significant incidents was a reckless tackle on Kylian Mbapp\u00e9, which went unpunished despite a clear case for a red card. The club wasted no time in expressing their dissatisfaction, urging the Federation to review the situation, particularly the decision-making process during the match. Real Madrid demanded to hear the conversation between the referee and the VAR officials regarding the incident, believing it was a clear-cut case that warranted a red card.<\/p>\n<p>This Monday\u2019s meeting with Medina Cantalejo was an extension of Real Madrid\u2019s ongoing campaign for transparency and fairness in refereeing decisions. Jos\u00e9 \u00c1ngel S\u00e1nchez was invited to listen to the requested recordings of the VAR conversation and discuss the matter with the head of referees. The meeting, which lasted around an hour and a half, was described as cordial, with both parties engaging in a respectful exchange of views. Cantalejo was quick to highlight that the conversation took place in an atmosphere of understanding and mutual respect. \u201cHad we argued, the meeting would have lasted five minutes,\u201d Cantalejo remarked, stressing that the discussion was productive and amicable.<\/p>\n<p>Despite the positive tone of the meeting, Real Madrid\u2019s stance remains unchanged. According to sources within the club, their position is clear: they believe that the refereeing system is rigged against them. Jos\u00e9 F\u00e9lix D\u00edaz, a MARCA journalist closely following the club, reported that Real Madrid feels the system is biased, and they have made this sentiment known to the Federation. The club is particularly concerned about the lack of transparency in the decision-making process and the absence of accountability when it comes to refereeing errors.While Medina Cantalejo was satisfied with the outcome of the meeting, Real Madrid remained unconvinced. The club\u2019s representatives continued to voice their frustration over the specific incident during the Espanyol match, where the challenge on Mbapp\u00e9 was not punished appropriately. Real Madrid sources believe that the referee\u2019s failure to issue a red card in that situation is emblematic of a broader issue with refereeing bias against the club. \u201cThe CTA denies any negative bias against Real Madrid in refereeing, which is to be expected, but the club sees it differently and has made this clear,\u201d sources inside the club have emphasized.<\/p>\n<p>Real Madrid\u2019s stance on the refereeing system goes beyond just this one incident. While the club acknowledges the meeting with Cantalejo took place in an ideal environment and that the VAR audios were reviewed, they continue to believe that the refereeing decisions in the Espanyol game were flawed. Real Madrid is pushing for a fundamental overhaul of the system, particularly in terms of transparency. The club has long argued that a lack of openness regarding refereeing decisions, the grading system, and promotions or relegations of referees contributes to the perception of bias and inconsistency.<\/p>\n<p>In their statement following the meeting, Real Madrid reiterated their belief that transparency is key to restoring faith in the refereeing system. The club argued that the system would be more acceptable to everyone if there were greater openness regarding the rationale behind decisions, as well as clarity around the criteria used to promote or demote referees. While Cantalejo has claimed that the CTA is open to implementing changes, Real Madrid remains skeptical of any real reforms in the near future.<\/p>\n<p>The club\u2019s frustration is compounded by the ongoing controversy surrounding a red card handed to Jude Bellingham during the match against Osasuna the previous Saturday. Real Madrid is appealing the decision, and all eyes are now on the Spanish Federation as they consider the club\u2019s request. The outcome of this appeal will likely play a significant role in shaping the future of Real Madrid\u2019s relationship with Spanish refereeing authorities.Real Madrid\u2019s push for change is not just about one controversial match or a single red card decision\u2014it reflects a broader concern about fairness and integrity in Spanish football. The club is determined to continue its efforts to reform the refereeing system, even if that means clashing with the Federation and other clubs. The Madrid-based giants are willing to take a stand and make their voices heard in order to ensure that the integrity of the sport is upheld.<\/p>\n<p>As the situation continues to unfold, the tension between Real Madrid and the Spanish refereeing authorities remains palpable. The club\u2019s resolve to seek transparency and fairness is unwavering, and they will likely continue to challenge any decisions they deem unjust. This meeting with Medina Cantalejo may have been cordial, but it has done little to quell Real Madrid\u2019s frustrations.<\/p>\n<p>In the coming weeks, the Spanish Federation will have to address Real Madrid\u2019s concerns more comprehensively. With the club\u2019s appeal against Bellingham\u2019s red card still pending, the Federation\u2019s response will be crucial in determining whether any meaningfulchanges will be made to the refereeing system. For now, Real Madrid remains committed to their cause, and it is clear that they will not back down in their pursuit of reform.<\/p>\n<p>In conclusion, while the meeting with Medina Cantalejo was marked by cordiality and respect, Real Madrid\u2019s position remains firm. The club continues to feel aggrieved by what they perceive as a biased refereeing system and is pushing for transparency and accountability. The coming weeks will be pivotal in determining whether these concerns are addressed, or if Real Madrid will continue their battle for fairer treatment in Spanish football. Regardless of the outcome, one thing is certain: Real Madrid\u2019s fight for change is far from over.<\/p>\n","protected":false},"excerpt":{"rendered":"<p>In a highly anticipated meeting that took place this Monday at the Federation\u2019s headquarters, Jos\u00e9 \u00c1ngel S\u00e1nchez, Florentino P\u00e9rez\u2019s trusted right-hand man, met with Medina Cantalejo, the president of Spain\u2019s Technical Committee of Referees (CTA). The outcome of the meeting and the subsequent statement released by Real Madrid highlight the club\u2019s ongoing concerns regarding refereeing [&hellip;]<\/p>\n","protected":false},"author":17,"featured_media":33962,"comment_status":"open","ping_status":"open","sticky":false,"template":"","format":"standard","meta":{"site-sidebar-layout":"default","site-content-layout":"","ast-site-content-layout":"","site-content-style":"default","site-sidebar-style":"default","ast-global-header-display":"","ast-banner-title-visibility":"","ast-main-header-display":"","ast-hfb-above-header-display":"","ast-hfb-below-header-display":"","ast-hfb-mobile-header-display":"","site-post-title":"","ast-breadcrumbs-content":"","ast-featured-img":"","footer-sml-layout":"","theme-transparent-header-meta":"","adv-header-id-meta":"","stick-header-meta":"","header-above-stick-meta":"","header-main-stick-meta":"","header-below-stick-meta":"","astra-migrate-meta-layouts":"default","ast-page-background-enabled":"default","ast-page-background-meta":{"desktop":{"background-color":"var(--ast-global-color-4)","background-image":"","background-repeat":"repeat","background-position":"center center","background-size":"auto","background-attachment":"scroll","background-type":"","background-media":"","overlay-type":"","overlay-color":"","overlay-opacity":"","overlay-gradient":""},"tablet":{"background-color":"","background-image":"","background-repeat":"repeat","background-position":"center center","background-size":"auto","background-attachment":"scroll","background-type":"","background-media":"","overlay-type":"","overlay-color":"","overlay-opacity":"","overlay-gradient":""},"mobile":{"background-color":"","background-image":"","background-repeat":"repeat","background-position":"center center","background-size":"auto","background-attachment":"scroll","background-type":"","background-media":"","overlay-type":"","overlay-color":"","overlay-opacity":"","overlay-gradient":""}},"ast-content-background-meta":{"desktop":{"background-color":"var(--ast-global-color-5)","background-image":"","background-repeat":"repeat","background-position":"center center","background-size":"auto","background-attachment":"scroll","background-type":"","background-media":"","overlay-type":"","overlay-color":"","overlay-opacity":"","overlay-gradient":""},"tablet":{"background-color":"var(--ast-global-color-5)","background-image":"","background-repeat":"repeat","background-position":"center center","background-size":"auto","background-attachment":"scroll","background-type":"","background-media":"","overlay-type":"","overlay-color":"","overlay-opacity":"","overlay-gradient":""},"mobile":{"background-color":"var(--ast-global-color-5)","background-image":"","background-repeat":"repeat","background-position":"center center","background-size":"auto","background-attachment":"scroll","background-type":"","background-media":"","overlay-type":"","overlay-color":"","overlay-opacity":"","overlay-gradient":""}},"footnotes":""},"categories":[30],"tags":[],"acf":[],"yoast_head":"<!-- This site is optimized with the Yoast SEO plugin v20.7 - https:\/\/yoast.com\/wordpress\/plugins\/seo\/ -->\n<title>The Real Madrid Announcement After the Meeting with Medina Cantalejo, the Head of Referees -<\/title>\n<meta name=\"robots\" content=\"index, follow, max-snippet:-1, max-image-preview:large, max-video-preview:-1\" \/>\n<link rel=\"canonical\" href=\"https:\/\/stad10.com\/?p=33961\" \/>\n<meta property=\"og:locale\" content=\"ar_AR\" \/>\n<meta property=\"og:type\" content=\"article\" \/>\n<meta property=\"og:title\" content=\"The Real Madrid Announcement After the Meeting with Medina Cantalejo, the Head of Referees -\" \/>\n<meta property=\"og:description\" content=\"In a highly anticipated meeting that took place this Monday at the Federation\u2019s headquarters, Jos\u00e9 \u00c1ngel S\u00e1nchez, Florentino P\u00e9rez\u2019s trusted right-hand man, met with Medina Cantalejo, the president of Spain\u2019s Technical Committee of Referees (CTA). The outcome of the meeting and the subsequent statement released by Real Madrid highlight the club\u2019s ongoing concerns regarding refereeing [&hellip;]\" \/>\n<meta property=\"og:url\" content=\"https:\/\/stad10.com\/?p=33961\" \/>\n<meta property=\"article:published_time\" content=\"2025-02-17T21:29:28+00:00\" \/>\n<meta property=\"og:image\" content=\"https:\/\/stad10.com\/wp-content\/uploads\/2025\/02\/Screenshot_20250217_232656.jpg\" \/>\n\t<meta property=\"og:image:width\" content=\"1080\" \/>\n\t<meta property=\"og:image:height\" content=\"562\" \/>\n\t<meta property=\"og:image:type\" content=\"image\/jpeg\" \/>\n<meta name=\"author\" content=\"ahmedmansour\" \/>\n<meta name=\"twitter:card\" content=\"summary_large_image\" \/>\n<meta name=\"twitter:label1\" content=\"\u0643\u064f\u062a\u0628 \u0628\u0648\u0627\u0633\u0637\u0629\" \/>\n\t<meta name=\"twitter:data1\" content=\"ahmedmansour\" \/>\n\t<meta name=\"twitter:label2\" content=\"\u0648\u0642\u062a \u0627\u0644\u0642\u0631\u0627\u0621\u0629 \u0627\u0644\u0645\u064f\u0642\u062f\u0651\u0631\" \/>\n\t<meta name=\"twitter:data2\" content=\"5 \u062f\u0642\u0627\u0626\u0642\" \/>\n<script type=\"application\/ld+json\" class=\"yoast-schema-graph\">{\"@context\":\"https:\/\/schema.org\",\"@graph\":[{\"@type\":\"WebPage\",\"@id\":\"https:\/\/stad10.com\/?p=33961\",\"url\":\"https:\/\/stad10.com\/?p=33961\",\"name\":\"The Real Madrid Announcement After the Meeting with Medina Cantalejo, the Head of Referees -\",\"isPartOf\":{\"@id\":\"https:\/\/stad10.com\/#website\"},\"datePublished\":\"2025-02-17T21:29:28+00:00\",\"dateModified\":\"2025-02-17T21:29:28+00:00\",\"author\":{\"@id\":\"https:\/\/stad10.com\/#\/schema\/person\/cdfbc272a6ec86059f0727cc523eeb1b\"},\"breadcrumb\":{\"@id\":\"https:\/\/stad10.com\/?p=33961#breadcrumb\"},\"inLanguage\":\"ar\",\"potentialAction\":[{\"@type\":\"ReadAction\",\"target\":[\"https:\/\/stad10.com\/?p=33961\"]}]},{\"@type\":\"BreadcrumbList\",\"@id\":\"https:\/\/stad10.com\/?p=33961#breadcrumb\",\"itemListElement\":[{\"@type\":\"ListItem\",\"position\":1,\"name\":\"Home\",\"item\":\"https:\/\/stad10.com\/\"},{\"@type\":\"ListItem\",\"position\":2,\"name\":\"The Real Madrid Announcement After the Meeting with Medina Cantalejo, the Head of Referees\"}]},{\"@type\":\"WebSite\",\"@id\":\"https:\/\/stad10.com\/#website\",\"url\":\"https:\/\/stad10.com\/\",\"name\":\"\",\"description\":\"\",\"potentialAction\":[{\"@type\":\"SearchAction\",\"target\":{\"@type\":\"EntryPoint\",\"urlTemplate\":\"https:\/\/stad10.com\/?s={search_term_string}\"},\"query-input\":\"required name=search_term_string\"}],\"inLanguage\":\"ar\"},{\"@type\":\"Person\",\"@id\":\"https:\/\/stad10.com\/#\/schema\/person\/cdfbc272a6ec86059f0727cc523eeb1b\",\"name\":\"ahmedmansour\",\"image\":{\"@type\":\"ImageObject\",\"inLanguage\":\"ar\",\"@id\":\"https:\/\/stad10.com\/#\/schema\/person\/image\/\",\"url\":\"https:\/\/secure.gravatar.com\/avatar\/55a414ad7432600d48f7a74b93041be2?s=96&d=mm&r=g\",\"contentUrl\":\"https:\/\/secure.gravatar.com\/avatar\/55a414ad7432600d48f7a74b93041be2?s=96&d=mm&r=g\",\"caption\":\"ahmedmansour\"},\"url\":\"https:\/\/stad10.com\/?author=17\"}]}<\/script>\n<!-- \/ Yoast SEO plugin. -->","yoast_head_json":{"title":"The Real Madrid Announcement After the Meeting with Medina Cantalejo, the Head of Referees -","robots":{"index":"index","follow":"follow","max-snippet":"max-snippet:-1","max-image-preview":"max-image-preview:large","max-video-preview":"max-video-preview:-1"},"canonical":"https:\/\/stad10.com\/?p=33961","og_locale":"ar_AR","og_type":"article","og_title":"The Real Madrid Announcement After the Meeting with Medina Cantalejo, the Head of Referees -","og_description":"In a highly anticipated meeting that took place this Monday at the Federation\u2019s headquarters, Jos\u00e9 \u00c1ngel S\u00e1nchez, Florentino P\u00e9rez\u2019s trusted right-hand man, met with Medina Cantalejo, the president of Spain\u2019s Technical Committee of Referees (CTA). The outcome of the meeting and the subsequent statement released by Real Madrid highlight the club\u2019s ongoing concerns regarding refereeing [&hellip;]","og_url":"https:\/\/stad10.com\/?p=33961","article_published_time":"2025-02-17T21:29:28+00:00","og_image":[{"width":1080,"height":562,"url":"https:\/\/stad10.com\/wp-content\/uploads\/2025\/02\/Screenshot_20250217_232656.jpg","type":"image\/jpeg"}],"author":"ahmedmansour","twitter_card":"summary_large_image","twitter_misc":{"\u0643\u064f\u062a\u0628 \u0628\u0648\u0627\u0633\u0637\u0629":"ahmedmansour","\u0648\u0642\u062a \u0627\u0644\u0642\u0631\u0627\u0621\u0629 \u0627\u0644\u0645\u064f\u0642\u062f\u0651\u0631":"5 \u062f\u0642\u0627\u0626\u0642"},"schema":{"@context":"https:\/\/schema.org","@graph":[{"@type":"WebPage","@id":"https:\/\/stad10.com\/?p=33961","url":"https:\/\/stad10.com\/?p=33961","name":"The Real Madrid Announcement After the Meeting with Medina Cantalejo, the Head of Referees -","isPartOf":{"@id":"https:\/\/stad10.com\/#website"},"datePublished":"2025-02-17T21:29:28+00:00","dateModified":"2025-02-17T21:29:28+00:00","author":{"@id":"https:\/\/stad10.com\/#\/schema\/person\/cdfbc272a6ec86059f0727cc523eeb1b"},"breadcrumb":{"@id":"https:\/\/stad10.com\/?p=33961#breadcrumb"},"inLanguage":"ar","potentialAction":[{"@type":"ReadAction","target":["https:\/\/stad10.com\/?p=33961"]}]},{"@type":"BreadcrumbList","@id":"https:\/\/stad10.com\/?p=33961#breadcrumb","itemListElement":[{"@type":"ListItem","position":1,"name":"Home","item":"https:\/\/stad10.com\/"},{"@type":"ListItem","position":2,"name":"The Real Madrid Announcement After the Meeting with Medina Cantalejo, the Head of Referees"}]},{"@type":"WebSite","@id":"https:\/\/stad10.com\/#website","url":"https:\/\/stad10.com\/","name":"","description":"","potentialAction":[{"@type":"SearchAction","target":{"@type":"EntryPoint","urlTemplate":"https:\/\/stad10.com\/?s={search_term_string}"},"query-input":"required name=search_term_string"}],"inLanguage":"ar"},{"@type":"Person","@id":"https:\/\/stad10.com\/#\/schema\/person\/cdfbc272a6ec86059f0727cc523eeb1b","name":"ahmedmansour","image":{"@type":"ImageObject","inLanguage":"ar","@id":"https:\/\/stad10.com\/#\/schema\/person\/image\/","url":"https:\/\/secure.gravatar.com\/avatar\/55a414ad7432600d48f7a74b93041be2?s=96&d=mm&r=g","contentUrl":"https:\/\/secure.gravatar.com\/avatar\/55a414ad7432600d48f7a74b93041be2?s=96&d=mm&r=g","caption":"ahmedmansour"},"url":"https:\/\/stad10.com\/?author=17"}]}},"_links":{"self":[{"href":"https:\/\/stad10.com\/index.php?rest_route=\/wp\/v2\/posts\/33961"}],"collection":[{"href":"https:\/\/stad10.com\/index.php?rest_route=\/wp\/v2\/posts"}],"about":[{"href":"https:\/\/stad10.com\/index.php?rest_route=\/wp\/v2\/types\/post"}],"author":[{"embeddable":true,"href":"https:\/\/stad10.com\/index.php?rest_route=\/wp\/v2\/users\/17"}],"replies":[{"embeddable":true,"href":"https:\/\/stad10.com\/index.php?rest_route=%2Fwp%2Fv2%2Fcomments&post=33961"}],"version-history":[{"count":1,"href":"https:\/\/stad10.com\/index.php?rest_route=\/wp\/v2\/posts\/33961\/revisions"}],"predecessor-version":[{"id":33963,"href":"https:\/\/stad10.com\/index.php?rest_route=\/wp\/v2\/posts\/33961\/revisions\/33963"}],"wp:featuredmedia":[{"embeddable":true,"href":"https:\/\/stad10.com\/index.php?rest_route=\/wp\/v2\/media\/33962"}],"wp:attachment":[{"href":"https:\/\/stad10.com\/index.php?rest_route=%2Fwp%2Fv2%2Fmedia&parent=33961"}],"wp:term":[{"taxonomy":"category","embeddable":true,"href":"https:\/\/stad10.com\/index.php?rest_route=%2Fwp%2Fv2%2Fcategories&post=33961"},{"taxonomy":"post_tag","embeddable":true,"href":"https:\/\/stad10.com\/index.php?rest_route=%2Fwp%2Fv2%2Ftags&post=33961"}],"curies":[{"name":"wp","href":"https:\/\/api.w.org\/{rel}","templated":true}]}}