{"id":33982,"date":"2025-02-18T08:04:39","date_gmt":"2025-02-18T06:04:39","guid":{"rendered":"https:\/\/stad10.com\/?p=33982"},"modified":"2025-02-18T08:04:39","modified_gmt":"2025-02-18T06:04:39","slug":"after-the-victory-over-rayo-vallecano-a-barcelona-star-spoils-the-joy-of-regaining-the-la-liga-lead-sparks-tensions-in-the-locker-room","status":"publish","type":"post","link":"https:\/\/stad10.com\/?p=33982","title":{"rendered":"After the victory over Rayo Vallecano\u2026 a Barcelona star sp,oils the joy of regaining the La Liga lead, sp,arks tensions in the locker room"},"content":{"rendered":"<p>Barcelona may have secured a hard-fought 1-0 victory over Rayo Vallecano to reclaim the top spot in La Liga, but tensions are reportedly brewing behind the scenes. According to Spanish outlet El Nacional, Uruguayan defender Ronald Ara\u00fajo was left frustrated after being left out of the starting lineup by coach Hansi Flick.<\/p>\n<p>Ara\u00fajo, who recently extended his contract with the club, was surprised when Flick opted for the defensive pairing of Pau Cubars\u00ed and I\u00f1igo Mart\u00ednez instead. His frustration grew even further when, despite a second-half substitution, Flick chose to bring on Eric Garc\u00eda rather than him. This decision has reportedly led Ara\u00fajo to question his role in Flick\u2019s plans, making him feel sidelined despite his commitment to the club.<\/p>\n<p>The situation appears to have escalated, with Ara\u00fajo now considering his future at Barcelona. The defender reportedly feels that Flick\u2019s tactical approach does not align with his strengths, leading him to contemplate a potential exit in search of regular playing time.<\/p>\n<p>This internal unrest raises concerns for Barcelona, especially with Ara\u00fajo being a key figure in the squad. If tensions continue to rise, the Catalan club may face another major decision regarding a player who was once considered untouchable in their defense.<\/p>\n","protected":false},"excerpt":{"rendered":"<p>Barcelona may have secured a hard-fought 1-0 victory over Rayo Vallecano to reclaim the top spot in La Liga, but tensions are reportedly brewing behind the scenes. According to Spanish outlet El Nacional, Uruguayan defender Ronald Ara\u00fajo was left frustrated after being left out of the starting lineup by coach Hansi Flick. Ara\u00fajo, who recently [&hellip;]<\/p>\n","protected":false},"author":17,"featured_media":33983,"comment_status":"open","ping_status":"open","sticky":false,"template":"","format":"standard","meta":{"site-sidebar-layout":"default","site-content-layout":"","ast-site-content-layout":"","site-content-style":"default","site-sidebar-style":"default","ast-global-header-display":"","ast-banner-title-visibility":"","ast-main-header-display":"","ast-hfb-above-header-display":"","ast-hfb-below-header-display":"","ast-hfb-mobile-header-display":"","site-post-title":"","ast-breadcrumbs-content":"","ast-featured-img":"","footer-sml-layout":"","theme-transparent-header-meta":"","adv-header-id-meta":"","stick-header-meta":"","header-above-stick-meta":"","header-main-stick-meta":"","header-below-stick-meta":"","astra-migrate-meta-layouts":"default","ast-page-background-enabled":"default","ast-page-background-meta":{"desktop":{"background-color":"var(--ast-global-color-4)","background-image":"","background-repeat":"repeat","background-position":"center center","background-size":"auto","background-attachment":"scroll","background-type":"","background-media":"","overlay-type":"","overlay-color":"","overlay-opacity":"","overlay-gradient":""},"tablet":{"background-color":"","background-image":"","background-repeat":"repeat","background-position":"center center","background-size":"auto","background-attachment":"scroll","background-type":"","background-media":"","overlay-type":"","overlay-color":"","overlay-opacity":"","overlay-gradient":""},"mobile":{"background-color":"","background-image":"","background-repeat":"repeat","background-position":"center center","background-size":"auto","background-attachment":"scroll","background-type":"","background-media":"","overlay-type":"","overlay-color":"","overlay-opacity":"","overlay-gradient":""}},"ast-content-background-meta":{"desktop":{"background-color":"var(--ast-global-color-5)","background-image":"","background-repeat":"repeat","background-position":"center center","background-size":"auto","background-attachment":"scroll","background-type":"","background-media":"","overlay-type":"","overlay-color":"","overlay-opacity":"","overlay-gradient":""},"tablet":{"background-color":"var(--ast-global-color-5)","background-image":"","background-repeat":"repeat","background-position":"center center","background-size":"auto","background-attachment":"scroll","background-type":"","background-media":"","overlay-type":"","overlay-color":"","overlay-opacity":"","overlay-gradient":""},"mobile":{"background-color":"var(--ast-global-color-5)","background-image":"","background-repeat":"repeat","background-position":"center center","background-size":"auto","background-attachment":"scroll","background-type":"","background-media":"","overlay-type":"","overlay-color":"","overlay-opacity":"","overlay-gradient":""}},"footnotes":""},"categories":[30],"tags":[],"acf":[],"yoast_head":"<!-- This site is optimized with the Yoast SEO plugin v20.7 - https:\/\/yoast.com\/wordpress\/plugins\/seo\/ -->\n<title>After the victory over Rayo Vallecano\u2026 a Barcelona star sp,oils the joy of regaining the La Liga lead, sp,arks tensions in the locker room -<\/title>\n<meta name=\"robots\" content=\"index, follow, max-snippet:-1, max-image-preview:large, max-video-preview:-1\" \/>\n<link rel=\"canonical\" href=\"https:\/\/stad10.com\/?p=33982\" \/>\n<meta property=\"og:locale\" content=\"ar_AR\" \/>\n<meta property=\"og:type\" content=\"article\" \/>\n<meta property=\"og:title\" content=\"After the victory over Rayo Vallecano\u2026 a Barcelona star sp,oils the joy of regaining the La Liga lead, sp,arks tensions in the locker room -\" \/>\n<meta property=\"og:description\" content=\"Barcelona may have secured a hard-fought 1-0 victory over Rayo Vallecano to reclaim the top spot in La Liga, but tensions are reportedly brewing behind the scenes. According to Spanish outlet El Nacional, Uruguayan defender Ronald Ara\u00fajo was left frustrated after being left out of the starting lineup by coach Hansi Flick. Ara\u00fajo, who recently [&hellip;]\" \/>\n<meta property=\"og:url\" content=\"https:\/\/stad10.com\/?p=33982\" \/>\n<meta property=\"article:published_time\" content=\"2025-02-18T06:04:39+00:00\" \/>\n<meta property=\"og:image\" content=\"https:\/\/stad10.com\/wp-content\/uploads\/2025\/02\/Screenshot_20250218_080331.jpg\" \/>\n\t<meta property=\"og:image:width\" content=\"862\" \/>\n\t<meta property=\"og:image:height\" content=\"699\" \/>\n\t<meta property=\"og:image:type\" content=\"image\/jpeg\" \/>\n<meta name=\"author\" content=\"ahmedmansour\" \/>\n<meta name=\"twitter:card\" content=\"summary_large_image\" \/>\n<meta name=\"twitter:label1\" content=\"\u0643\u064f\u062a\u0628 \u0628\u0648\u0627\u0633\u0637\u0629\" \/>\n\t<meta name=\"twitter:data1\" content=\"ahmedmansour\" \/>\n\t<meta name=\"twitter:label2\" content=\"\u0648\u0642\u062a \u0627\u0644\u0642\u0631\u0627\u0621\u0629 \u0627\u0644\u0645\u064f\u0642\u062f\u0651\u0631\" \/>\n\t<meta name=\"twitter:data2\" content=\"\u062f\u0642\u064a\u0642\u0629 \u0648\u0627\u062d\u062f\u0629\" \/>\n<script type=\"application\/ld+json\" class=\"yoast-schema-graph\">{\"@context\":\"https:\/\/schema.org\",\"@graph\":[{\"@type\":\"WebPage\",\"@id\":\"https:\/\/stad10.com\/?p=33982\",\"url\":\"https:\/\/stad10.com\/?p=33982\",\"name\":\"After the victory over Rayo Vallecano\u2026 a Barcelona star sp,oils the joy of regaining the La Liga lead, sp,arks tensions in the locker room -\",\"isPartOf\":{\"@id\":\"https:\/\/stad10.com\/#website\"},\"datePublished\":\"2025-02-18T06:04:39+00:00\",\"dateModified\":\"2025-02-18T06:04:39+00:00\",\"author\":{\"@id\":\"https:\/\/stad10.com\/#\/schema\/person\/cdfbc272a6ec86059f0727cc523eeb1b\"},\"breadcrumb\":{\"@id\":\"https:\/\/stad10.com\/?p=33982#breadcrumb\"},\"inLanguage\":\"ar\",\"potentialAction\":[{\"@type\":\"ReadAction\",\"target\":[\"https:\/\/stad10.com\/?p=33982\"]}]},{\"@type\":\"BreadcrumbList\",\"@id\":\"https:\/\/stad10.com\/?p=33982#breadcrumb\",\"itemListElement\":[{\"@type\":\"ListItem\",\"position\":1,\"name\":\"Home\",\"item\":\"https:\/\/stad10.com\/\"},{\"@type\":\"ListItem\",\"position\":2,\"name\":\"After the victory over Rayo Vallecano\u2026 a Barcelona star sp,oils the joy of regaining the La Liga lead, sp,arks tensions in the locker room\"}]},{\"@type\":\"WebSite\",\"@id\":\"https:\/\/stad10.com\/#website\",\"url\":\"https:\/\/stad10.com\/\",\"name\":\"\",\"description\":\"\",\"potentialAction\":[{\"@type\":\"SearchAction\",\"target\":{\"@type\":\"EntryPoint\",\"urlTemplate\":\"https:\/\/stad10.com\/?s={search_term_string}\"},\"query-input\":\"required name=search_term_string\"}],\"inLanguage\":\"ar\"},{\"@type\":\"Person\",\"@id\":\"https:\/\/stad10.com\/#\/schema\/person\/cdfbc272a6ec86059f0727cc523eeb1b\",\"name\":\"ahmedmansour\",\"image\":{\"@type\":\"ImageObject\",\"inLanguage\":\"ar\",\"@id\":\"https:\/\/stad10.com\/#\/schema\/person\/image\/\",\"url\":\"https:\/\/secure.gravatar.com\/avatar\/55a414ad7432600d48f7a74b93041be2?s=96&d=mm&r=g\",\"contentUrl\":\"https:\/\/secure.gravatar.com\/avatar\/55a414ad7432600d48f7a74b93041be2?s=96&d=mm&r=g\",\"caption\":\"ahmedmansour\"},\"url\":\"https:\/\/stad10.com\/?author=17\"}]}<\/script>\n<!-- \/ Yoast SEO plugin. -->","yoast_head_json":{"title":"After the victory over Rayo Vallecano\u2026 a Barcelona star sp,oils the joy of regaining the La Liga lead, sp,arks tensions in the locker room -","robots":{"index":"index","follow":"follow","max-snippet":"max-snippet:-1","max-image-preview":"max-image-preview:large","max-video-preview":"max-video-preview:-1"},"canonical":"https:\/\/stad10.com\/?p=33982","og_locale":"ar_AR","og_type":"article","og_title":"After the victory over Rayo Vallecano\u2026 a Barcelona star sp,oils the joy of regaining the La Liga lead, sp,arks tensions in the locker room -","og_description":"Barcelona may have secured a hard-fought 1-0 victory over Rayo Vallecano to reclaim the top spot in La Liga, but tensions are reportedly brewing behind the scenes. According to Spanish outlet El Nacional, Uruguayan defender Ronald Ara\u00fajo was left frustrated after being left out of the starting lineup by coach Hansi Flick. Ara\u00fajo, who recently [&hellip;]","og_url":"https:\/\/stad10.com\/?p=33982","article_published_time":"2025-02-18T06:04:39+00:00","og_image":[{"width":862,"height":699,"url":"https:\/\/stad10.com\/wp-content\/uploads\/2025\/02\/Screenshot_20250218_080331.jpg","type":"image\/jpeg"}],"author":"ahmedmansour","twitter_card":"summary_large_image","twitter_misc":{"\u0643\u064f\u062a\u0628 \u0628\u0648\u0627\u0633\u0637\u0629":"ahmedmansour","\u0648\u0642\u062a \u0627\u0644\u0642\u0631\u0627\u0621\u0629 \u0627\u0644\u0645\u064f\u0642\u062f\u0651\u0631":"\u062f\u0642\u064a\u0642\u0629 \u0648\u0627\u062d\u062f\u0629"},"schema":{"@context":"https:\/\/schema.org","@graph":[{"@type":"WebPage","@id":"https:\/\/stad10.com\/?p=33982","url":"https:\/\/stad10.com\/?p=33982","name":"After the victory over Rayo Vallecano\u2026 a Barcelona star sp,oils the joy of regaining the La Liga lead, sp,arks tensions in the locker room -","isPartOf":{"@id":"https:\/\/stad10.com\/#website"},"datePublished":"2025-02-18T06:04:39+00:00","dateModified":"2025-02-18T06:04:39+00:00","author":{"@id":"https:\/\/stad10.com\/#\/schema\/person\/cdfbc272a6ec86059f0727cc523eeb1b"},"breadcrumb":{"@id":"https:\/\/stad10.com\/?p=33982#breadcrumb"},"inLanguage":"ar","potentialAction":[{"@type":"ReadAction","target":["https:\/\/stad10.com\/?p=33982"]}]},{"@type":"BreadcrumbList","@id":"https:\/\/stad10.com\/?p=33982#breadcrumb","itemListElement":[{"@type":"ListItem","position":1,"name":"Home","item":"https:\/\/stad10.com\/"},{"@type":"ListItem","position":2,"name":"After the victory over Rayo Vallecano\u2026 a Barcelona star sp,oils the joy of regaining the La Liga lead, sp,arks tensions in the locker room"}]},{"@type":"WebSite","@id":"https:\/\/stad10.com\/#website","url":"https:\/\/stad10.com\/","name":"","description":"","potentialAction":[{"@type":"SearchAction","target":{"@type":"EntryPoint","urlTemplate":"https:\/\/stad10.com\/?s={search_term_string}"},"query-input":"required name=search_term_string"}],"inLanguage":"ar"},{"@type":"Person","@id":"https:\/\/stad10.com\/#\/schema\/person\/cdfbc272a6ec86059f0727cc523eeb1b","name":"ahmedmansour","image":{"@type":"ImageObject","inLanguage":"ar","@id":"https:\/\/stad10.com\/#\/schema\/person\/image\/","url":"https:\/\/secure.gravatar.com\/avatar\/55a414ad7432600d48f7a74b93041be2?s=96&d=mm&r=g","contentUrl":"https:\/\/secure.gravatar.com\/avatar\/55a414ad7432600d48f7a74b93041be2?s=96&d=mm&r=g","caption":"ahmedmansour"},"url":"https:\/\/stad10.com\/?author=17"}]}},"_links":{"self":[{"href":"https:\/\/stad10.com\/index.php?rest_route=\/wp\/v2\/posts\/33982"}],"collection":[{"href":"https:\/\/stad10.com\/index.php?rest_route=\/wp\/v2\/posts"}],"about":[{"href":"https:\/\/stad10.com\/index.php?rest_route=\/wp\/v2\/types\/post"}],"author":[{"embeddable":true,"href":"https:\/\/stad10.com\/index.php?rest_route=\/wp\/v2\/users\/17"}],"replies":[{"embeddable":true,"href":"https:\/\/stad10.com\/index.php?rest_route=%2Fwp%2Fv2%2Fcomments&post=33982"}],"version-history":[{"count":1,"href":"https:\/\/stad10.com\/index.php?rest_route=\/wp\/v2\/posts\/33982\/revisions"}],"predecessor-version":[{"id":33984,"href":"https:\/\/stad10.com\/index.php?rest_route=\/wp\/v2\/posts\/33982\/revisions\/33984"}],"wp:featuredmedia":[{"embeddable":true,"href":"https:\/\/stad10.com\/index.php?rest_route=\/wp\/v2\/media\/33983"}],"wp:attachment":[{"href":"https:\/\/stad10.com\/index.php?rest_route=%2Fwp%2Fv2%2Fmedia&parent=33982"}],"wp:term":[{"taxonomy":"category","embeddable":true,"href":"https:\/\/stad10.com\/index.php?rest_route=%2Fwp%2Fv2%2Fcategories&post=33982"},{"taxonomy":"post_tag","embeddable":true,"href":"https:\/\/stad10.com\/index.php?rest_route=%2Fwp%2Fv2%2Ftags&post=33982"}],"curies":[{"name":"wp","href":"https:\/\/api.w.org\/{rel}","templated":true}]}}