{"id":34060,"date":"2025-02-18T22:07:41","date_gmt":"2025-02-18T20:07:41","guid":{"rendered":"https:\/\/stad10.com\/?p=34060"},"modified":"2025-02-18T22:07:41","modified_gmt":"2025-02-18T20:07:41","slug":"real-madrid-manchester-city-carlo-ancelottis-press-conference","status":"publish","type":"post","link":"https:\/\/stad10.com\/?p=34060","title":{"rendered":"Real Madrid \u2013 Manchester City: Carlo Ancelotti\u2019s Press Conference"},"content":{"rendered":"<p>As the second leg of the UEFA Champions League clash between Real Madrid and Manchester City approaches, Carlo Ancelotti took the stage for a press conference, offering insights into his team\u2019s preparation, key player returns, and ongoing refereeing controversies in La Liga. The Italian manager was composed yet firm, acknowledging the challenges ahead while emphasizing his team\u2019s readiness.<\/p>\n<p>An Intense and Complicated Battle Ahead<br \/>\nWhen asked about his expectationsfor the match, Ancelotti was candid about the difficulty of the encounter.<\/p>\n<p>\u201cIt\u2019s going to be an entertaining, complicated, and difficult game. We\u2019ve prepared well for this game and worked on the recovery of our players. The idea is to reproduce the same intensity as in the first leg while managing the difficulty of such a confrontation. It\u2019s a duel that will be played out over 90 minutes, where every detail will count.\u201d<\/p>\n<p>The first leg was a tight contest, with Real Madrid showing moments of brilliance, but City remains one of the most dangerous sides in world football. Ancelotti\u2019s emphasis on maintaining intensity and precision highlights his awareness of Guardiola\u2019s tactical acumen.<\/p>\n<p>La Liga\u2019s Refereeing Woes<br \/>\nAncelotti was also asked about the refereeing decisions in La Liga, particularly concerning Real Madrid\u2019s recent games against Rayo Vallecano, Osasuna, and Atl\u00e9tico Madrid. He did not hold back his frustrations.<\/p>\n<p>\u201cThere\u2019s nothing to add. I\u2019ve already given my opinion. What happened was quite surprising. One mistake after another was made against us, whether it was against Osasuna, Atl\u00e9tico\u2026 Three games in a row where we\u2019ve been wronged by incomprehensible decisions.\u201d<\/p>\n<p>His frustration with the officiating in Spain has been evident in recent weeks, particularly as Real Madrid continues to find itself on the wrong end of controversial decisions.<\/p>\n<p>Champions League Refereeing: A Different Standard<br \/>\nWhen asked about refereeing in theChampions League, Ancelotti praised the officiating quality in Europe\u2019s top competition.<\/p>\n<p>\u201cThe statistics speak for themselves. There are fewer controversies and fewer VAR interventions, which are only used when necessary. In the Champions League, only the best referees from each country officiate, and the quality is much higher.\u201d<\/p>\n<p>This stark contrast in officiating between La Liga and the Champions League has not gone unnoticed. Ancelotti\u2019s comments reflect the growing dissatisfaction among Spanish clubs regarding domestic refereeing.<\/p>\n<p>Guardiola\u2019s \u20181%\u2019 Comment: A Lighthearted Response<br \/>\nPep Guardiola recently stated that his team has \u201ca 1% chance\u201d of progressing. Ancelotti responded with a chuckle.<\/p>\n<p>\u201cHe doesn\u2019t really think about it. Tomorrow I\u2019ll ask him before the game! He thinks he has more, just as we don\u2019t think we have 99%. We have a small advantage, certainly, but we have to take advantage of it and play withthe same intensity as we did in the first leg.\u201d<\/p>\n<p>This psychological battle between the two managers adds another layer of intrigue to an already high-stakes encounter.<\/p>\n<p>Managing the Psychological Aspect of a Lead<br \/>\nWhen asked about whether Real Madrid\u2019s advantage from the first leg will impact their approach, Ancelotti was clear.<\/p>\n<p>\u201cIt\u2019s a psychological aspect. Of course, we know we have an advantage, but if we pretend to approach the game as 0-0, nobody will believe us. What we can do is adapt our approach and avoid calculations. The most important thing is to play with intensity and intelligence.\u201d<\/p>\n<p>Ancelotti understands the importance of mentality in high-pressure matches. His experience will be crucial in ensuring Real Madrid remains focused.<\/p>\n<p>Jude Bellingham\u2019s Situation<br \/>\nBellingham\u2019s possible suspensionwas another topic of discussion.<\/p>\n<p>\u201cObviously, yes. We\u2019ll see what the authorities decide, but I hope for a favorable outcome.\u201d<\/p>\n<p>The English midfielder has been a key figure for Real Madrid this season, and his availability for the City game could be decisive.<\/p>\n<p>Key Players Ready for Battle<br \/>\nAncelotti also provided updates on the fitness of key players, particularly Antonio R\u00fcdiger and Aur\u00e9lien Tchouam\u00e9ni.<\/p>\n<p>\u201cNo doubts at all. You may have some, but I don\u2019t. I had my doubts, but they\u2019ve been dispelled. R\u00fcdiger can play from the start, Tchouam\u00e9ni can be used as a pivot and Asensio can play in central defense. We\u2019ll see how Valverde recovers from his injury against Osasuna. Ra\u00fal could also play at right-back.\u201d<\/p>\n<p>Having these players fit gives Madrid a tactical edge, particularly against City\u2019s dynamic attack.<\/p>\n<p>VAR Controversies Continue<br \/>\nVAR\u2019s implementation in La Liga has been a recurring issue, and Ancelotti reiterated his concerns.<\/p>\n<p>\u201cI have my doubts. VAR was supposed to correct blatant errors, but it has become too intrusive a tool. You take away the naturalness of football for the sake of an image. Minor fouls become penalties, and some normal contact is deemed excessive. We need to find a balance.\u201d<\/p>\n<p>This sentiment echoes widespread criticism of VAR, which has often led to inconsistent decisions.<\/p>\n<p>Kylian Mbapp\u00e9\u2019s Form<br \/>\nAncelotti was also asked about Kylian Mbapp\u00e9\u2019s form ahead of the game.<\/p>\n<p>\u201cI don\u2019t see anything new. He\u2019s motivated, in great shape, and he handles the pressure very well. His calm and concentration are exemplary.\u201d<\/p>\n<p>Even though Mbapp\u00e9 is not a Madrid player yet, the media remains fixated on his performances and potential future with Los Blancos.<\/p>\n<p>Influence of Real Madrid\u2019s Letter to the RFEF<br \/>\nRecent reports suggested that Real Madrid\u2019s formal complaint to the Spanish Football Federation (RFEF) might have impacted refereeing decisions against them. Ancelotti, however, remained tight-lipped.<\/p>\n<p>\u201cI don\u2019t want to comment on that.\u201d<\/p>\n<p>This brief response suggests that the club is handling the matter internally rather than engaging in a public dispute.<\/p>\n<p>Final Thoughts<br \/>\nCarlo Ancelotti\u2019s press conference reflected a manager who is confident yet aware of the challenges ahead. His emphasis on intensity, intelligence, and psychological preparation shows that Real Madrid is approaching the second leg with the utmost seriousness. While refereeing controversies in La Liga remain a frustration, his focus remains firmly on guiding his team to yet another Champions League triumph.<\/p>\n<p>The battle at the Santiago Bernab\u00e9u promises to be a spectacle, and with Ancelotti at the helm, Real Madrid fans can be assured that their team will give everything to secure progression to the next round.<\/p>\n","protected":false},"excerpt":{"rendered":"<p>As the second leg of the UEFA Champions League clash between Real Madrid and Manchester City approaches, Carlo Ancelotti took the stage for a press conference, offering insights into his team\u2019s preparation, key player returns, and ongoing refereeing controversies in La Liga. The Italian manager was composed yet firm, acknowledging the challenges ahead while emphasizing [&hellip;]<\/p>\n","protected":false},"author":17,"featured_media":34061,"comment_status":"open","ping_status":"open","sticky":false,"template":"","format":"standard","meta":{"site-sidebar-layout":"default","site-content-layout":"","ast-site-content-layout":"","site-content-style":"default","site-sidebar-style":"default","ast-global-header-display":"","ast-banner-title-visibility":"","ast-main-header-display":"","ast-hfb-above-header-display":"","ast-hfb-below-header-display":"","ast-hfb-mobile-header-display":"","site-post-title":"","ast-breadcrumbs-content":"","ast-featured-img":"","footer-sml-layout":"","theme-transparent-header-meta":"","adv-header-id-meta":"","stick-header-meta":"","header-above-stick-meta":"","header-main-stick-meta":"","header-below-stick-meta":"","astra-migrate-meta-layouts":"default","ast-page-background-enabled":"default","ast-page-background-meta":{"desktop":{"background-color":"var(--ast-global-color-4)","background-image":"","background-repeat":"repeat","background-position":"center center","background-size":"auto","background-attachment":"scroll","background-type":"","background-media":"","overlay-type":"","overlay-color":"","overlay-opacity":"","overlay-gradient":""},"tablet":{"background-color":"","background-image":"","background-repeat":"repeat","background-position":"center center","background-size":"auto","background-attachment":"scroll","background-type":"","background-media":"","overlay-type":"","overlay-color":"","overlay-opacity":"","overlay-gradient":""},"mobile":{"background-color":"","background-image":"","background-repeat":"repeat","background-position":"center center","background-size":"auto","background-attachment":"scroll","background-type":"","background-media":"","overlay-type":"","overlay-color":"","overlay-opacity":"","overlay-gradient":""}},"ast-content-background-meta":{"desktop":{"background-color":"var(--ast-global-color-5)","background-image":"","background-repeat":"repeat","background-position":"center center","background-size":"auto","background-attachment":"scroll","background-type":"","background-media":"","overlay-type":"","overlay-color":"","overlay-opacity":"","overlay-gradient":""},"tablet":{"background-color":"var(--ast-global-color-5)","background-image":"","background-repeat":"repeat","background-position":"center center","background-size":"auto","background-attachment":"scroll","background-type":"","background-media":"","overlay-type":"","overlay-color":"","overlay-opacity":"","overlay-gradient":""},"mobile":{"background-color":"var(--ast-global-color-5)","background-image":"","background-repeat":"repeat","background-position":"center center","background-size":"auto","background-attachment":"scroll","background-type":"","background-media":"","overlay-type":"","overlay-color":"","overlay-opacity":"","overlay-gradient":""}},"footnotes":""},"categories":[30],"tags":[],"acf":[],"yoast_head":"<!-- This site is optimized with the Yoast SEO plugin v20.7 - https:\/\/yoast.com\/wordpress\/plugins\/seo\/ -->\n<title>Real Madrid \u2013 Manchester City: Carlo Ancelotti\u2019s Press Conference -<\/title>\n<meta name=\"robots\" content=\"index, follow, max-snippet:-1, max-image-preview:large, max-video-preview:-1\" \/>\n<link rel=\"canonical\" href=\"https:\/\/stad10.com\/?p=34060\" \/>\n<meta property=\"og:locale\" content=\"ar_AR\" \/>\n<meta property=\"og:type\" content=\"article\" \/>\n<meta property=\"og:title\" content=\"Real Madrid \u2013 Manchester City: Carlo Ancelotti\u2019s Press Conference -\" \/>\n<meta property=\"og:description\" content=\"As the second leg of the UEFA Champions League clash between Real Madrid and Manchester City approaches, Carlo Ancelotti took the stage for a press conference, offering insights into his team\u2019s preparation, key player returns, and ongoing refereeing controversies in La Liga. The Italian manager was composed yet firm, acknowledging the challenges ahead while emphasizing [&hellip;]\" \/>\n<meta property=\"og:url\" content=\"https:\/\/stad10.com\/?p=34060\" \/>\n<meta property=\"article:published_time\" content=\"2025-02-18T20:07:41+00:00\" \/>\n<meta property=\"og:image\" content=\"https:\/\/stad10.com\/wp-content\/uploads\/2025\/02\/Screenshot_20250218_220444.jpg\" \/>\n\t<meta property=\"og:image:width\" content=\"1080\" \/>\n\t<meta property=\"og:image:height\" content=\"565\" \/>\n\t<meta property=\"og:image:type\" content=\"image\/jpeg\" \/>\n<meta name=\"author\" content=\"ahmedmansour\" \/>\n<meta name=\"twitter:card\" content=\"summary_large_image\" \/>\n<meta name=\"twitter:label1\" content=\"\u0643\u064f\u062a\u0628 \u0628\u0648\u0627\u0633\u0637\u0629\" \/>\n\t<meta name=\"twitter:data1\" content=\"ahmedmansour\" \/>\n\t<meta name=\"twitter:label2\" content=\"\u0648\u0642\u062a \u0627\u0644\u0642\u0631\u0627\u0621\u0629 \u0627\u0644\u0645\u064f\u0642\u062f\u0651\u0631\" \/>\n\t<meta name=\"twitter:data2\" content=\"5 \u062f\u0642\u0627\u0626\u0642\" \/>\n<script type=\"application\/ld+json\" class=\"yoast-schema-graph\">{\"@context\":\"https:\/\/schema.org\",\"@graph\":[{\"@type\":\"WebPage\",\"@id\":\"https:\/\/stad10.com\/?p=34060\",\"url\":\"https:\/\/stad10.com\/?p=34060\",\"name\":\"Real Madrid \u2013 Manchester City: Carlo Ancelotti\u2019s Press Conference -\",\"isPartOf\":{\"@id\":\"https:\/\/stad10.com\/#website\"},\"datePublished\":\"2025-02-18T20:07:41+00:00\",\"dateModified\":\"2025-02-18T20:07:41+00:00\",\"author\":{\"@id\":\"https:\/\/stad10.com\/#\/schema\/person\/cdfbc272a6ec86059f0727cc523eeb1b\"},\"breadcrumb\":{\"@id\":\"https:\/\/stad10.com\/?p=34060#breadcrumb\"},\"inLanguage\":\"ar\",\"potentialAction\":[{\"@type\":\"ReadAction\",\"target\":[\"https:\/\/stad10.com\/?p=34060\"]}]},{\"@type\":\"BreadcrumbList\",\"@id\":\"https:\/\/stad10.com\/?p=34060#breadcrumb\",\"itemListElement\":[{\"@type\":\"ListItem\",\"position\":1,\"name\":\"Home\",\"item\":\"https:\/\/stad10.com\/\"},{\"@type\":\"ListItem\",\"position\":2,\"name\":\"Real Madrid \u2013 Manchester City: Carlo Ancelotti\u2019s Press Conference\"}]},{\"@type\":\"WebSite\",\"@id\":\"https:\/\/stad10.com\/#website\",\"url\":\"https:\/\/stad10.com\/\",\"name\":\"\",\"description\":\"\",\"potentialAction\":[{\"@type\":\"SearchAction\",\"target\":{\"@type\":\"EntryPoint\",\"urlTemplate\":\"https:\/\/stad10.com\/?s={search_term_string}\"},\"query-input\":\"required name=search_term_string\"}],\"inLanguage\":\"ar\"},{\"@type\":\"Person\",\"@id\":\"https:\/\/stad10.com\/#\/schema\/person\/cdfbc272a6ec86059f0727cc523eeb1b\",\"name\":\"ahmedmansour\",\"image\":{\"@type\":\"ImageObject\",\"inLanguage\":\"ar\",\"@id\":\"https:\/\/stad10.com\/#\/schema\/person\/image\/\",\"url\":\"https:\/\/secure.gravatar.com\/avatar\/55a414ad7432600d48f7a74b93041be2?s=96&d=mm&r=g\",\"contentUrl\":\"https:\/\/secure.gravatar.com\/avatar\/55a414ad7432600d48f7a74b93041be2?s=96&d=mm&r=g\",\"caption\":\"ahmedmansour\"},\"url\":\"https:\/\/stad10.com\/?author=17\"}]}<\/script>\n<!-- \/ Yoast SEO plugin. -->","yoast_head_json":{"title":"Real Madrid \u2013 Manchester City: Carlo Ancelotti\u2019s Press Conference -","robots":{"index":"index","follow":"follow","max-snippet":"max-snippet:-1","max-image-preview":"max-image-preview:large","max-video-preview":"max-video-preview:-1"},"canonical":"https:\/\/stad10.com\/?p=34060","og_locale":"ar_AR","og_type":"article","og_title":"Real Madrid \u2013 Manchester City: Carlo Ancelotti\u2019s Press Conference -","og_description":"As the second leg of the UEFA Champions League clash between Real Madrid and Manchester City approaches, Carlo Ancelotti took the stage for a press conference, offering insights into his team\u2019s preparation, key player returns, and ongoing refereeing controversies in La Liga. The Italian manager was composed yet firm, acknowledging the challenges ahead while emphasizing [&hellip;]","og_url":"https:\/\/stad10.com\/?p=34060","article_published_time":"2025-02-18T20:07:41+00:00","og_image":[{"width":1080,"height":565,"url":"https:\/\/stad10.com\/wp-content\/uploads\/2025\/02\/Screenshot_20250218_220444.jpg","type":"image\/jpeg"}],"author":"ahmedmansour","twitter_card":"summary_large_image","twitter_misc":{"\u0643\u064f\u062a\u0628 \u0628\u0648\u0627\u0633\u0637\u0629":"ahmedmansour","\u0648\u0642\u062a \u0627\u0644\u0642\u0631\u0627\u0621\u0629 \u0627\u0644\u0645\u064f\u0642\u062f\u0651\u0631":"5 \u062f\u0642\u0627\u0626\u0642"},"schema":{"@context":"https:\/\/schema.org","@graph":[{"@type":"WebPage","@id":"https:\/\/stad10.com\/?p=34060","url":"https:\/\/stad10.com\/?p=34060","name":"Real Madrid \u2013 Manchester City: Carlo Ancelotti\u2019s Press Conference -","isPartOf":{"@id":"https:\/\/stad10.com\/#website"},"datePublished":"2025-02-18T20:07:41+00:00","dateModified":"2025-02-18T20:07:41+00:00","author":{"@id":"https:\/\/stad10.com\/#\/schema\/person\/cdfbc272a6ec86059f0727cc523eeb1b"},"breadcrumb":{"@id":"https:\/\/stad10.com\/?p=34060#breadcrumb"},"inLanguage":"ar","potentialAction":[{"@type":"ReadAction","target":["https:\/\/stad10.com\/?p=34060"]}]},{"@type":"BreadcrumbList","@id":"https:\/\/stad10.com\/?p=34060#breadcrumb","itemListElement":[{"@type":"ListItem","position":1,"name":"Home","item":"https:\/\/stad10.com\/"},{"@type":"ListItem","position":2,"name":"Real Madrid \u2013 Manchester City: Carlo Ancelotti\u2019s Press Conference"}]},{"@type":"WebSite","@id":"https:\/\/stad10.com\/#website","url":"https:\/\/stad10.com\/","name":"","description":"","potentialAction":[{"@type":"SearchAction","target":{"@type":"EntryPoint","urlTemplate":"https:\/\/stad10.com\/?s={search_term_string}"},"query-input":"required name=search_term_string"}],"inLanguage":"ar"},{"@type":"Person","@id":"https:\/\/stad10.com\/#\/schema\/person\/cdfbc272a6ec86059f0727cc523eeb1b","name":"ahmedmansour","image":{"@type":"ImageObject","inLanguage":"ar","@id":"https:\/\/stad10.com\/#\/schema\/person\/image\/","url":"https:\/\/secure.gravatar.com\/avatar\/55a414ad7432600d48f7a74b93041be2?s=96&d=mm&r=g","contentUrl":"https:\/\/secure.gravatar.com\/avatar\/55a414ad7432600d48f7a74b93041be2?s=96&d=mm&r=g","caption":"ahmedmansour"},"url":"https:\/\/stad10.com\/?author=17"}]}},"_links":{"self":[{"href":"https:\/\/stad10.com\/index.php?rest_route=\/wp\/v2\/posts\/34060"}],"collection":[{"href":"https:\/\/stad10.com\/index.php?rest_route=\/wp\/v2\/posts"}],"about":[{"href":"https:\/\/stad10.com\/index.php?rest_route=\/wp\/v2\/types\/post"}],"author":[{"embeddable":true,"href":"https:\/\/stad10.com\/index.php?rest_route=\/wp\/v2\/users\/17"}],"replies":[{"embeddable":true,"href":"https:\/\/stad10.com\/index.php?rest_route=%2Fwp%2Fv2%2Fcomments&post=34060"}],"version-history":[{"count":1,"href":"https:\/\/stad10.com\/index.php?rest_route=\/wp\/v2\/posts\/34060\/revisions"}],"predecessor-version":[{"id":34062,"href":"https:\/\/stad10.com\/index.php?rest_route=\/wp\/v2\/posts\/34060\/revisions\/34062"}],"wp:featuredmedia":[{"embeddable":true,"href":"https:\/\/stad10.com\/index.php?rest_route=\/wp\/v2\/media\/34061"}],"wp:attachment":[{"href":"https:\/\/stad10.com\/index.php?rest_route=%2Fwp%2Fv2%2Fmedia&parent=34060"}],"wp:term":[{"taxonomy":"category","embeddable":true,"href":"https:\/\/stad10.com\/index.php?rest_route=%2Fwp%2Fv2%2Fcategories&post=34060"},{"taxonomy":"post_tag","embeddable":true,"href":"https:\/\/stad10.com\/index.php?rest_route=%2Fwp%2Fv2%2Ftags&post=34060"}],"curies":[{"name":"wp","href":"https:\/\/api.w.org\/{rel}","templated":true}]}}