{"id":34232,"date":"2025-02-20T23:39:17","date_gmt":"2025-02-20T21:39:17","guid":{"rendered":"https:\/\/stad10.com\/?p=34232"},"modified":"2025-02-20T23:39:17","modified_gmt":"2025-02-20T21:39:17","slug":"controversy-in-turkey-over-arda-gulers-lack-of-minutes-at-real-madrid","status":"publish","type":"post","link":"https:\/\/stad10.com\/?p=34232","title":{"rendered":"Controversy in Turkey Over Arda G\u00fcler\u2019s Lack of Minutes at Real Madrid"},"content":{"rendered":"<p>Arda G\u00fcler\u2019s situation at Real Madrid has sparked a media storm in Turkey. The young Turkish talent, considered a national gem, has seen his playing time severely limited under Carlo Ancelotti, leading to widespread criticism and heated debates in his home country.<\/p>\n<p>Since joining the Spanish giants, G\u00fcler has accumulated just 936 minutes across 28 matches, averaging 33 minutes per game. This limited involvement has raised concerns among Turkish fans, who expected their rising star to shine at one of the world\u2019s biggest clubs.One of the most controversial moments came during the Champions League Round of 16 clash against Manchester City. Despite Real Madrid leading 3-0 in the 83rd minute, Ancelotti chose to substitute Tchouam\u00e9ni for Modric and later introduced Endrick, leaving G\u00fcler on the bench. This decision was met with outrage in Turkey, where fans believed it was the perfect opportunity for G\u00fcler to gain valuable experience in a high-profile match.<\/p>\n<p>Turkish commentator \u00d6mer \u00dcr\u00fcnd\u00fcl voiced his frustration on live television, questioning Ancelotti\u2019s decision-making:The match is 3-0. There are eight minutes left. What\u2019s the point of bringing on Modric? If you don\u2019t play Arda G\u00fcler in this game, when will you? Arda G\u00fcler must leave Real Madrid at the end of the season. This situation cannot continue. It\u2019s a disgrace.\u201d<\/p>\n<p>His words resonated strongly with Turkish supporters, who share the frustration over G\u00fcler\u2019s lack of opportunities.<\/p>\n<p>The concern deepens when considering that since February 5, when G\u00fcler started in a Copa del Rey match against Legan\u00e9s, he has not played a single minute for Real Madrid. He was left out in crucial games like El Cl\u00e1sico against Atl\u00e9tico Madrid, the Champions League tie against Manchester City, and even seemingly easier fixtures such as Osasuna. This prolonged absence has alarmed his fans and those close to him.<\/p>\n<p>Despite the expectations surrounding his arrival at Madrid, G\u00fcler\u2019s playing time has been sporadic and often in matches that had already been decided. In Turkey, there is growing concern that this lack of continuity is stalling his development. For a player of his age, regular minutes and competitive rhythm are crucial, and prolonged inactivity could negatively affect his progress.<\/p>\n<p>Carlo Ancelotti has been criticized for his handling of young talents. In past statements, the Italian coach has defended his decisions, arguing that competition within the squad is fierce and that he prioritizes the team\u2019s needs. However, these explanations have done little to ease the growing criticism\u2014especially from Turkey, where G\u00fcler is expected to have a more significant role.The Turkish press has been particularly sharp in its analysis. Media outlets such as beIN Sports have emphasized the widespread concern in Turkey, stressing that despite G\u00fcler\u2019s undeniable talent, he is not being given the opportunities needed to prove himself at the highest level. (beinsports.com)<\/p>\n<p>Furthermore, reports suggest that G\u00fcler himself has confronted Ancelotti, directly asking for an explanation regarding his lack of game time. This conversation highlights the growing internal tension and G\u00fcler\u2019s desire to play a more active role in the squad. (turkiyetoday.com)<\/p>\n<p>As speculation about his future intensifies, some analysts suggest that a loan move could be the best option for his development. Clubs like Arsenal have reportedly shown interest, believing they could offer G\u00fcler the minutes he currently lacks at Madrid. (talksport.com)<\/p>\n<p>However, not everyone agrees. Some experts argue that adapting to a club as big as Real Madrid takes time and patience. They point out that other young talents havegone through similar struggles before eventually cementing their place in the first team. Nonetheless, the intense media pressure and impatience from Turkish fans add an extra layer of complexity to the situation.<\/p>\n<p>Real Madrid\u2019s management faces a dilemma: on one hand, they want to keep hold of one of Europe\u2019s most promising young players; on the other, they must handle the expectations of both the player and his entourage. A loan move could be a temporary solution, but there is also a real risk that G\u00fcler could push for a permanent exit if he doesn\u2019t see a clear path to regular playing time.<\/p>\n<p>Meanwhile, in Turkey, fans continue to show unwavering support for G\u00fcler. Social media has been flooded with messages of encouragement for the player, as well as criticism towards Ancelotti\u2019s handling of his development. The pressure from his homeland is undeniable, and many believe that he must either secure more minutes at Real Madrid or move to a club where he can fully unleash his potential.<\/p>\n<p>What\u2019s Next for Arda G\u00fcler?<br \/>\nIn summary, Arda G\u00fcler\u2019s situation at Real Madrid has become a major talking point both in Spain and Turkey. The lack of minutes, Ancelotti\u2019s tactical decisions, and the growing media scrutiny have created a complex scenario that could define the immediate future of one of Europe\u2019s most exciting young talents.<\/p>\n","protected":false},"excerpt":{"rendered":"<p>Arda G\u00fcler\u2019s situation at Real Madrid has sparked a media storm in Turkey. The young Turkish talent, considered a national gem, has seen his playing time severely limited under Carlo Ancelotti, leading to widespread criticism and heated debates in his home country. Since joining the Spanish giants, G\u00fcler has accumulated just 936 minutes across 28 [&hellip;]<\/p>\n","protected":false},"author":17,"featured_media":34233,"comment_status":"open","ping_status":"open","sticky":false,"template":"","format":"standard","meta":{"site-sidebar-layout":"default","site-content-layout":"","ast-site-content-layout":"","site-content-style":"default","site-sidebar-style":"default","ast-global-header-display":"","ast-banner-title-visibility":"","ast-main-header-display":"","ast-hfb-above-header-display":"","ast-hfb-below-header-display":"","ast-hfb-mobile-header-display":"","site-post-title":"","ast-breadcrumbs-content":"","ast-featured-img":"","footer-sml-layout":"","theme-transparent-header-meta":"","adv-header-id-meta":"","stick-header-meta":"","header-above-stick-meta":"","header-main-stick-meta":"","header-below-stick-meta":"","astra-migrate-meta-layouts":"default","ast-page-background-enabled":"default","ast-page-background-meta":{"desktop":{"background-color":"var(--ast-global-color-4)","background-image":"","background-repeat":"repeat","background-position":"center center","background-size":"auto","background-attachment":"scroll","background-type":"","background-media":"","overlay-type":"","overlay-color":"","overlay-opacity":"","overlay-gradient":""},"tablet":{"background-color":"","background-image":"","background-repeat":"repeat","background-position":"center center","background-size":"auto","background-attachment":"scroll","background-type":"","background-media":"","overlay-type":"","overlay-color":"","overlay-opacity":"","overlay-gradient":""},"mobile":{"background-color":"","background-image":"","background-repeat":"repeat","background-position":"center center","background-size":"auto","background-attachment":"scroll","background-type":"","background-media":"","overlay-type":"","overlay-color":"","overlay-opacity":"","overlay-gradient":""}},"ast-content-background-meta":{"desktop":{"background-color":"var(--ast-global-color-5)","background-image":"","background-repeat":"repeat","background-position":"center center","background-size":"auto","background-attachment":"scroll","background-type":"","background-media":"","overlay-type":"","overlay-color":"","overlay-opacity":"","overlay-gradient":""},"tablet":{"background-color":"var(--ast-global-color-5)","background-image":"","background-repeat":"repeat","background-position":"center center","background-size":"auto","background-attachment":"scroll","background-type":"","background-media":"","overlay-type":"","overlay-color":"","overlay-opacity":"","overlay-gradient":""},"mobile":{"background-color":"var(--ast-global-color-5)","background-image":"","background-repeat":"repeat","background-position":"center center","background-size":"auto","background-attachment":"scroll","background-type":"","background-media":"","overlay-type":"","overlay-color":"","overlay-opacity":"","overlay-gradient":""}},"footnotes":""},"categories":[30],"tags":[],"acf":[],"yoast_head":"<!-- This site is optimized with the Yoast SEO plugin v20.7 - https:\/\/yoast.com\/wordpress\/plugins\/seo\/ -->\n<title>Controversy in Turkey Over Arda G\u00fcler\u2019s Lack of Minutes at Real Madrid -<\/title>\n<meta name=\"robots\" content=\"index, follow, max-snippet:-1, max-image-preview:large, max-video-preview:-1\" \/>\n<link rel=\"canonical\" href=\"https:\/\/stad10.com\/?p=34232\" \/>\n<meta property=\"og:locale\" content=\"ar_AR\" \/>\n<meta property=\"og:type\" content=\"article\" \/>\n<meta property=\"og:title\" content=\"Controversy in Turkey Over Arda G\u00fcler\u2019s Lack of Minutes at Real Madrid -\" \/>\n<meta property=\"og:description\" content=\"Arda G\u00fcler\u2019s situation at Real Madrid has sparked a media storm in Turkey. The young Turkish talent, considered a national gem, has seen his playing time severely limited under Carlo Ancelotti, leading to widespread criticism and heated debates in his home country. Since joining the Spanish giants, G\u00fcler has accumulated just 936 minutes across 28 [&hellip;]\" \/>\n<meta property=\"og:url\" content=\"https:\/\/stad10.com\/?p=34232\" \/>\n<meta property=\"article:published_time\" content=\"2025-02-20T21:39:17+00:00\" \/>\n<meta property=\"og:image\" content=\"https:\/\/stad10.com\/wp-content\/uploads\/2025\/02\/Screenshot_20250220_233618.jpg\" \/>\n\t<meta property=\"og:image:width\" content=\"1080\" \/>\n\t<meta property=\"og:image:height\" content=\"660\" \/>\n\t<meta property=\"og:image:type\" content=\"image\/jpeg\" \/>\n<meta name=\"author\" content=\"ahmedmansour\" \/>\n<meta name=\"twitter:card\" content=\"summary_large_image\" \/>\n<meta name=\"twitter:label1\" content=\"\u0643\u064f\u062a\u0628 \u0628\u0648\u0627\u0633\u0637\u0629\" \/>\n\t<meta name=\"twitter:data1\" content=\"ahmedmansour\" \/>\n\t<meta name=\"twitter:label2\" content=\"\u0648\u0642\u062a \u0627\u0644\u0642\u0631\u0627\u0621\u0629 \u0627\u0644\u0645\u064f\u0642\u062f\u0651\u0631\" \/>\n\t<meta name=\"twitter:data2\" content=\"4 \u062f\u0642\u0627\u0626\u0642\" \/>\n<script type=\"application\/ld+json\" class=\"yoast-schema-graph\">{\"@context\":\"https:\/\/schema.org\",\"@graph\":[{\"@type\":\"WebPage\",\"@id\":\"https:\/\/stad10.com\/?p=34232\",\"url\":\"https:\/\/stad10.com\/?p=34232\",\"name\":\"Controversy in Turkey Over Arda G\u00fcler\u2019s Lack of Minutes at Real Madrid -\",\"isPartOf\":{\"@id\":\"https:\/\/stad10.com\/#website\"},\"datePublished\":\"2025-02-20T21:39:17+00:00\",\"dateModified\":\"2025-02-20T21:39:17+00:00\",\"author\":{\"@id\":\"https:\/\/stad10.com\/#\/schema\/person\/cdfbc272a6ec86059f0727cc523eeb1b\"},\"breadcrumb\":{\"@id\":\"https:\/\/stad10.com\/?p=34232#breadcrumb\"},\"inLanguage\":\"ar\",\"potentialAction\":[{\"@type\":\"ReadAction\",\"target\":[\"https:\/\/stad10.com\/?p=34232\"]}]},{\"@type\":\"BreadcrumbList\",\"@id\":\"https:\/\/stad10.com\/?p=34232#breadcrumb\",\"itemListElement\":[{\"@type\":\"ListItem\",\"position\":1,\"name\":\"Home\",\"item\":\"https:\/\/stad10.com\/\"},{\"@type\":\"ListItem\",\"position\":2,\"name\":\"Controversy in Turkey Over Arda G\u00fcler\u2019s Lack of Minutes at Real Madrid\"}]},{\"@type\":\"WebSite\",\"@id\":\"https:\/\/stad10.com\/#website\",\"url\":\"https:\/\/stad10.com\/\",\"name\":\"\",\"description\":\"\",\"potentialAction\":[{\"@type\":\"SearchAction\",\"target\":{\"@type\":\"EntryPoint\",\"urlTemplate\":\"https:\/\/stad10.com\/?s={search_term_string}\"},\"query-input\":\"required name=search_term_string\"}],\"inLanguage\":\"ar\"},{\"@type\":\"Person\",\"@id\":\"https:\/\/stad10.com\/#\/schema\/person\/cdfbc272a6ec86059f0727cc523eeb1b\",\"name\":\"ahmedmansour\",\"image\":{\"@type\":\"ImageObject\",\"inLanguage\":\"ar\",\"@id\":\"https:\/\/stad10.com\/#\/schema\/person\/image\/\",\"url\":\"https:\/\/secure.gravatar.com\/avatar\/55a414ad7432600d48f7a74b93041be2?s=96&d=mm&r=g\",\"contentUrl\":\"https:\/\/secure.gravatar.com\/avatar\/55a414ad7432600d48f7a74b93041be2?s=96&d=mm&r=g\",\"caption\":\"ahmedmansour\"},\"url\":\"https:\/\/stad10.com\/?author=17\"}]}<\/script>\n<!-- \/ Yoast SEO plugin. -->","yoast_head_json":{"title":"Controversy in Turkey Over Arda G\u00fcler\u2019s Lack of Minutes at Real Madrid -","robots":{"index":"index","follow":"follow","max-snippet":"max-snippet:-1","max-image-preview":"max-image-preview:large","max-video-preview":"max-video-preview:-1"},"canonical":"https:\/\/stad10.com\/?p=34232","og_locale":"ar_AR","og_type":"article","og_title":"Controversy in Turkey Over Arda G\u00fcler\u2019s Lack of Minutes at Real Madrid -","og_description":"Arda G\u00fcler\u2019s situation at Real Madrid has sparked a media storm in Turkey. The young Turkish talent, considered a national gem, has seen his playing time severely limited under Carlo Ancelotti, leading to widespread criticism and heated debates in his home country. Since joining the Spanish giants, G\u00fcler has accumulated just 936 minutes across 28 [&hellip;]","og_url":"https:\/\/stad10.com\/?p=34232","article_published_time":"2025-02-20T21:39:17+00:00","og_image":[{"width":1080,"height":660,"url":"https:\/\/stad10.com\/wp-content\/uploads\/2025\/02\/Screenshot_20250220_233618.jpg","type":"image\/jpeg"}],"author":"ahmedmansour","twitter_card":"summary_large_image","twitter_misc":{"\u0643\u064f\u062a\u0628 \u0628\u0648\u0627\u0633\u0637\u0629":"ahmedmansour","\u0648\u0642\u062a \u0627\u0644\u0642\u0631\u0627\u0621\u0629 \u0627\u0644\u0645\u064f\u0642\u062f\u0651\u0631":"4 \u062f\u0642\u0627\u0626\u0642"},"schema":{"@context":"https:\/\/schema.org","@graph":[{"@type":"WebPage","@id":"https:\/\/stad10.com\/?p=34232","url":"https:\/\/stad10.com\/?p=34232","name":"Controversy in Turkey Over Arda G\u00fcler\u2019s Lack of Minutes at Real Madrid -","isPartOf":{"@id":"https:\/\/stad10.com\/#website"},"datePublished":"2025-02-20T21:39:17+00:00","dateModified":"2025-02-20T21:39:17+00:00","author":{"@id":"https:\/\/stad10.com\/#\/schema\/person\/cdfbc272a6ec86059f0727cc523eeb1b"},"breadcrumb":{"@id":"https:\/\/stad10.com\/?p=34232#breadcrumb"},"inLanguage":"ar","potentialAction":[{"@type":"ReadAction","target":["https:\/\/stad10.com\/?p=34232"]}]},{"@type":"BreadcrumbList","@id":"https:\/\/stad10.com\/?p=34232#breadcrumb","itemListElement":[{"@type":"ListItem","position":1,"name":"Home","item":"https:\/\/stad10.com\/"},{"@type":"ListItem","position":2,"name":"Controversy in Turkey Over Arda G\u00fcler\u2019s Lack of Minutes at Real Madrid"}]},{"@type":"WebSite","@id":"https:\/\/stad10.com\/#website","url":"https:\/\/stad10.com\/","name":"","description":"","potentialAction":[{"@type":"SearchAction","target":{"@type":"EntryPoint","urlTemplate":"https:\/\/stad10.com\/?s={search_term_string}"},"query-input":"required name=search_term_string"}],"inLanguage":"ar"},{"@type":"Person","@id":"https:\/\/stad10.com\/#\/schema\/person\/cdfbc272a6ec86059f0727cc523eeb1b","name":"ahmedmansour","image":{"@type":"ImageObject","inLanguage":"ar","@id":"https:\/\/stad10.com\/#\/schema\/person\/image\/","url":"https:\/\/secure.gravatar.com\/avatar\/55a414ad7432600d48f7a74b93041be2?s=96&d=mm&r=g","contentUrl":"https:\/\/secure.gravatar.com\/avatar\/55a414ad7432600d48f7a74b93041be2?s=96&d=mm&r=g","caption":"ahmedmansour"},"url":"https:\/\/stad10.com\/?author=17"}]}},"_links":{"self":[{"href":"https:\/\/stad10.com\/index.php?rest_route=\/wp\/v2\/posts\/34232"}],"collection":[{"href":"https:\/\/stad10.com\/index.php?rest_route=\/wp\/v2\/posts"}],"about":[{"href":"https:\/\/stad10.com\/index.php?rest_route=\/wp\/v2\/types\/post"}],"author":[{"embeddable":true,"href":"https:\/\/stad10.com\/index.php?rest_route=\/wp\/v2\/users\/17"}],"replies":[{"embeddable":true,"href":"https:\/\/stad10.com\/index.php?rest_route=%2Fwp%2Fv2%2Fcomments&post=34232"}],"version-history":[{"count":1,"href":"https:\/\/stad10.com\/index.php?rest_route=\/wp\/v2\/posts\/34232\/revisions"}],"predecessor-version":[{"id":34234,"href":"https:\/\/stad10.com\/index.php?rest_route=\/wp\/v2\/posts\/34232\/revisions\/34234"}],"wp:featuredmedia":[{"embeddable":true,"href":"https:\/\/stad10.com\/index.php?rest_route=\/wp\/v2\/media\/34233"}],"wp:attachment":[{"href":"https:\/\/stad10.com\/index.php?rest_route=%2Fwp%2Fv2%2Fmedia&parent=34232"}],"wp:term":[{"taxonomy":"category","embeddable":true,"href":"https:\/\/stad10.com\/index.php?rest_route=%2Fwp%2Fv2%2Fcategories&post=34232"},{"taxonomy":"post_tag","embeddable":true,"href":"https:\/\/stad10.com\/index.php?rest_route=%2Fwp%2Fv2%2Ftags&post=34232"}],"curies":[{"name":"wp","href":"https:\/\/api.w.org\/{rel}","templated":true}]}}