{"id":34343,"date":"2025-02-22T15:49:40","date_gmt":"2025-02-22T13:49:40","guid":{"rendered":"https:\/\/stad10.com\/?p=34343"},"modified":"2025-02-22T15:49:40","modified_gmt":"2025-02-22T13:49:40","slug":"federico-valverde-absent-against-girona-the-news-is-not-good","status":"publish","type":"post","link":"https:\/\/stad10.com\/?p=34343","title":{"rendered":"Federico Valverde absent against Girona: the news is not good"},"content":{"rendered":"<p>Real Madrid are set to face Girona in a crucial La Liga fixture this Sunday, but they will have to do so without one of their most reliable players. Federico Valverde, a cornerstone of Carlo Ancelotti\u2019s squad, will be missing from the lineup due to persistent pain and physical fatigue. This unexpected absence has raised concerns among Madridistas, especially given the Uruguayan\u2019s importance in recent matches.<\/p>\n<p>Valverde has been one of Madrid\u2019s standout performers this season, playing a key role in multiple positions. Whether in midfield, on the right wing, or even as a right-back, his versatility has been a vital asset for Ancelotti. His recent performances against Manchester City in the Champions League showcased his tireless work rate, but they also took a toll on his body.<\/p>\n<p>Reports from Spanish media suggest that Valverde has been playing through discomfort for weeks. Despite showing no visible signs of exhaustion on the pitch, the Uruguayan is reportedly on the brink of physical breakdown. Having played the most minutes of any Real Madrid player this season, the demands of constant high-intensity matches have finally caught up with him.<\/p>\n<p>The coaching staff has been closely monitoring Valverde\u2019s condition, and after his latest appearance against Manchester City, they decided that it would be too risky to include him in the squad for Girona. While Madrid would benefit greatly from his presence, protecting his long-term fitness is the priority.<\/p>\n<p>This is not the first time Ancelotti has had to make a tough call regarding player workload. Earlier in the season, Antonio R\u00fcdiger suffered a muscle injury after an extended run of games, forcing the manager to rethink his squad rotation strategy. With Valverde now at risk, Ancelotti is determined not to repeat the same mistake.<\/p>\n<p>Valverde\u2019s absence means that Ancelotti will have to shuffle his lineup. With Dani Carvajal already ruled out, Lucas V\u00e1zquez is likely to step in as a right-back. Meanwhile, Eduardo Camavinga and Aur\u00e9lien Tchouam\u00e9ni could take on more responsibilities in midfield. This will also be an opportunity for fringe players like Arda G\u00fcler to get more minutes.<\/p>\n<p>Despite Madrid\u2019s depth, Valverde\u2019s absence will be felt. His ability to press, drive forward, and dictate the tempo of matches has been a crucial element of Madrid\u2019s success. Without him, Ancelotti will need to rely more on individual brilliance from the likes of Vin\u00edcius Jr., Kylian Mbapp\u00e9, and Rodrygo Goes to break down Girona\u2019s defense.<\/p>\n<p>Girona, on the other hand, will look to take advantage of Madrid\u2019s weakened lineup. Although they have struggled for consistency this season, they remain a dangerous side capable of causing upsets. Real Madrid will need to be cautious, especially in transition, where Valverde\u2019s defensive contributions are often overlooked but highly valuable.<\/p>\n<p>Another key factor in Valverde\u2019s absence is the upcoming ChampionsLeague round of 16 clash against Atl\u00e9tico Madrid. The Uruguayan is expected to play a crucial role in that fixture, and Ancelotti does not want to take any risks before such an important European tie.<\/p>\n<p>Madrid fans will hope that this break will allow Valverde to recover fully and return stronger for the decisive weeks ahead. While he may be missing against Girona, his long-term fitness is far more important for Madrid\u2019s ambitions this season.<\/p>\n<p>The decision to rest Valverde is a reminder of the delicate balance top clubs must strike between maximizing player output and preventing burnout. With injuries piling up in key areas, Ancelotti\u2019s management of his squad could make or break Madrid\u2019s season.<\/p>\n<p>For now, Madrid will have to cope without one of their most influential players. The hope is that his absence will be brief and that when he returns, he will be back to his best, ready to lead Madrid into the latter stages of the campaign.<\/p>\n<p>In the meantime, all eyes will be on Ancelotti\u2019s tactical adjustments and how Madrid handle Girona\u2019s challenge without their tireless midfield engine. It\u2019s a moment that will test Madrid\u2019s squad depth and resilience as they continue their push for La Liga glory.<\/p>\n<p>With or without Valverde, the Merengues cannot afford to drop points, especially with Barcelona and Atl\u00e9tico Madrid breathing down their necks. The pressure is on, and Madrid must rise to the occasion.<\/p>\n","protected":false},"excerpt":{"rendered":"<p>Real Madrid are set to face Girona in a crucial La Liga fixture this Sunday, but they will have to do so without one of their most reliable players. Federico Valverde, a cornerstone of Carlo Ancelotti\u2019s squad, will be missing from the lineup due to persistent pain and physical fatigue. This unexpected absence has raised [&hellip;]<\/p>\n","protected":false},"author":17,"featured_media":34344,"comment_status":"open","ping_status":"open","sticky":false,"template":"","format":"standard","meta":{"site-sidebar-layout":"default","site-content-layout":"","ast-site-content-layout":"","site-content-style":"default","site-sidebar-style":"default","ast-global-header-display":"","ast-banner-title-visibility":"","ast-main-header-display":"","ast-hfb-above-header-display":"","ast-hfb-below-header-display":"","ast-hfb-mobile-header-display":"","site-post-title":"","ast-breadcrumbs-content":"","ast-featured-img":"","footer-sml-layout":"","theme-transparent-header-meta":"","adv-header-id-meta":"","stick-header-meta":"","header-above-stick-meta":"","header-main-stick-meta":"","header-below-stick-meta":"","astra-migrate-meta-layouts":"default","ast-page-background-enabled":"default","ast-page-background-meta":{"desktop":{"background-color":"var(--ast-global-color-4)","background-image":"","background-repeat":"repeat","background-position":"center center","background-size":"auto","background-attachment":"scroll","background-type":"","background-media":"","overlay-type":"","overlay-color":"","overlay-opacity":"","overlay-gradient":""},"tablet":{"background-color":"","background-image":"","background-repeat":"repeat","background-position":"center center","background-size":"auto","background-attachment":"scroll","background-type":"","background-media":"","overlay-type":"","overlay-color":"","overlay-opacity":"","overlay-gradient":""},"mobile":{"background-color":"","background-image":"","background-repeat":"repeat","background-position":"center center","background-size":"auto","background-attachment":"scroll","background-type":"","background-media":"","overlay-type":"","overlay-color":"","overlay-opacity":"","overlay-gradient":""}},"ast-content-background-meta":{"desktop":{"background-color":"var(--ast-global-color-5)","background-image":"","background-repeat":"repeat","background-position":"center center","background-size":"auto","background-attachment":"scroll","background-type":"","background-media":"","overlay-type":"","overlay-color":"","overlay-opacity":"","overlay-gradient":""},"tablet":{"background-color":"var(--ast-global-color-5)","background-image":"","background-repeat":"repeat","background-position":"center center","background-size":"auto","background-attachment":"scroll","background-type":"","background-media":"","overlay-type":"","overlay-color":"","overlay-opacity":"","overlay-gradient":""},"mobile":{"background-color":"var(--ast-global-color-5)","background-image":"","background-repeat":"repeat","background-position":"center center","background-size":"auto","background-attachment":"scroll","background-type":"","background-media":"","overlay-type":"","overlay-color":"","overlay-opacity":"","overlay-gradient":""}},"footnotes":""},"categories":[30],"tags":[],"acf":[],"yoast_head":"<!-- This site is optimized with the Yoast SEO plugin v20.7 - https:\/\/yoast.com\/wordpress\/plugins\/seo\/ -->\n<title>Federico Valverde absent against Girona: the news is not good -<\/title>\n<meta name=\"robots\" content=\"index, follow, max-snippet:-1, max-image-preview:large, max-video-preview:-1\" \/>\n<link rel=\"canonical\" href=\"https:\/\/stad10.com\/?p=34343\" \/>\n<meta property=\"og:locale\" content=\"ar_AR\" \/>\n<meta property=\"og:type\" content=\"article\" \/>\n<meta property=\"og:title\" content=\"Federico Valverde absent against Girona: the news is not good -\" \/>\n<meta property=\"og:description\" content=\"Real Madrid are set to face Girona in a crucial La Liga fixture this Sunday, but they will have to do so without one of their most reliable players. Federico Valverde, a cornerstone of Carlo Ancelotti\u2019s squad, will be missing from the lineup due to persistent pain and physical fatigue. This unexpected absence has raised [&hellip;]\" \/>\n<meta property=\"og:url\" content=\"https:\/\/stad10.com\/?p=34343\" \/>\n<meta property=\"article:published_time\" content=\"2025-02-22T13:49:40+00:00\" \/>\n<meta property=\"og:image\" content=\"https:\/\/stad10.com\/wp-content\/uploads\/2025\/02\/Screenshot_20250222_154807.jpg\" \/>\n\t<meta property=\"og:image:width\" content=\"865\" \/>\n\t<meta property=\"og:image:height\" content=\"467\" \/>\n\t<meta property=\"og:image:type\" content=\"image\/jpeg\" \/>\n<meta name=\"author\" content=\"ahmedmansour\" \/>\n<meta name=\"twitter:card\" content=\"summary_large_image\" \/>\n<meta name=\"twitter:label1\" content=\"\u0643\u064f\u062a\u0628 \u0628\u0648\u0627\u0633\u0637\u0629\" \/>\n\t<meta name=\"twitter:data1\" content=\"ahmedmansour\" \/>\n\t<meta name=\"twitter:label2\" content=\"\u0648\u0642\u062a \u0627\u0644\u0642\u0631\u0627\u0621\u0629 \u0627\u0644\u0645\u064f\u0642\u062f\u0651\u0631\" \/>\n\t<meta name=\"twitter:data2\" content=\"4 \u062f\u0642\u0627\u0626\u0642\" \/>\n<script type=\"application\/ld+json\" class=\"yoast-schema-graph\">{\"@context\":\"https:\/\/schema.org\",\"@graph\":[{\"@type\":\"WebPage\",\"@id\":\"https:\/\/stad10.com\/?p=34343\",\"url\":\"https:\/\/stad10.com\/?p=34343\",\"name\":\"Federico Valverde absent against Girona: the news is not good -\",\"isPartOf\":{\"@id\":\"https:\/\/stad10.com\/#website\"},\"datePublished\":\"2025-02-22T13:49:40+00:00\",\"dateModified\":\"2025-02-22T13:49:40+00:00\",\"author\":{\"@id\":\"https:\/\/stad10.com\/#\/schema\/person\/cdfbc272a6ec86059f0727cc523eeb1b\"},\"breadcrumb\":{\"@id\":\"https:\/\/stad10.com\/?p=34343#breadcrumb\"},\"inLanguage\":\"ar\",\"potentialAction\":[{\"@type\":\"ReadAction\",\"target\":[\"https:\/\/stad10.com\/?p=34343\"]}]},{\"@type\":\"BreadcrumbList\",\"@id\":\"https:\/\/stad10.com\/?p=34343#breadcrumb\",\"itemListElement\":[{\"@type\":\"ListItem\",\"position\":1,\"name\":\"Home\",\"item\":\"https:\/\/stad10.com\/\"},{\"@type\":\"ListItem\",\"position\":2,\"name\":\"Federico Valverde absent against Girona: the news is not good\"}]},{\"@type\":\"WebSite\",\"@id\":\"https:\/\/stad10.com\/#website\",\"url\":\"https:\/\/stad10.com\/\",\"name\":\"\",\"description\":\"\",\"potentialAction\":[{\"@type\":\"SearchAction\",\"target\":{\"@type\":\"EntryPoint\",\"urlTemplate\":\"https:\/\/stad10.com\/?s={search_term_string}\"},\"query-input\":\"required name=search_term_string\"}],\"inLanguage\":\"ar\"},{\"@type\":\"Person\",\"@id\":\"https:\/\/stad10.com\/#\/schema\/person\/cdfbc272a6ec86059f0727cc523eeb1b\",\"name\":\"ahmedmansour\",\"image\":{\"@type\":\"ImageObject\",\"inLanguage\":\"ar\",\"@id\":\"https:\/\/stad10.com\/#\/schema\/person\/image\/\",\"url\":\"https:\/\/secure.gravatar.com\/avatar\/55a414ad7432600d48f7a74b93041be2?s=96&d=mm&r=g\",\"contentUrl\":\"https:\/\/secure.gravatar.com\/avatar\/55a414ad7432600d48f7a74b93041be2?s=96&d=mm&r=g\",\"caption\":\"ahmedmansour\"},\"url\":\"https:\/\/stad10.com\/?author=17\"}]}<\/script>\n<!-- \/ Yoast SEO plugin. -->","yoast_head_json":{"title":"Federico Valverde absent against Girona: the news is not good -","robots":{"index":"index","follow":"follow","max-snippet":"max-snippet:-1","max-image-preview":"max-image-preview:large","max-video-preview":"max-video-preview:-1"},"canonical":"https:\/\/stad10.com\/?p=34343","og_locale":"ar_AR","og_type":"article","og_title":"Federico Valverde absent against Girona: the news is not good -","og_description":"Real Madrid are set to face Girona in a crucial La Liga fixture this Sunday, but they will have to do so without one of their most reliable players. Federico Valverde, a cornerstone of Carlo Ancelotti\u2019s squad, will be missing from the lineup due to persistent pain and physical fatigue. This unexpected absence has raised [&hellip;]","og_url":"https:\/\/stad10.com\/?p=34343","article_published_time":"2025-02-22T13:49:40+00:00","og_image":[{"width":865,"height":467,"url":"https:\/\/stad10.com\/wp-content\/uploads\/2025\/02\/Screenshot_20250222_154807.jpg","type":"image\/jpeg"}],"author":"ahmedmansour","twitter_card":"summary_large_image","twitter_misc":{"\u0643\u064f\u062a\u0628 \u0628\u0648\u0627\u0633\u0637\u0629":"ahmedmansour","\u0648\u0642\u062a \u0627\u0644\u0642\u0631\u0627\u0621\u0629 \u0627\u0644\u0645\u064f\u0642\u062f\u0651\u0631":"4 \u062f\u0642\u0627\u0626\u0642"},"schema":{"@context":"https:\/\/schema.org","@graph":[{"@type":"WebPage","@id":"https:\/\/stad10.com\/?p=34343","url":"https:\/\/stad10.com\/?p=34343","name":"Federico Valverde absent against Girona: the news is not good -","isPartOf":{"@id":"https:\/\/stad10.com\/#website"},"datePublished":"2025-02-22T13:49:40+00:00","dateModified":"2025-02-22T13:49:40+00:00","author":{"@id":"https:\/\/stad10.com\/#\/schema\/person\/cdfbc272a6ec86059f0727cc523eeb1b"},"breadcrumb":{"@id":"https:\/\/stad10.com\/?p=34343#breadcrumb"},"inLanguage":"ar","potentialAction":[{"@type":"ReadAction","target":["https:\/\/stad10.com\/?p=34343"]}]},{"@type":"BreadcrumbList","@id":"https:\/\/stad10.com\/?p=34343#breadcrumb","itemListElement":[{"@type":"ListItem","position":1,"name":"Home","item":"https:\/\/stad10.com\/"},{"@type":"ListItem","position":2,"name":"Federico Valverde absent against Girona: the news is not good"}]},{"@type":"WebSite","@id":"https:\/\/stad10.com\/#website","url":"https:\/\/stad10.com\/","name":"","description":"","potentialAction":[{"@type":"SearchAction","target":{"@type":"EntryPoint","urlTemplate":"https:\/\/stad10.com\/?s={search_term_string}"},"query-input":"required name=search_term_string"}],"inLanguage":"ar"},{"@type":"Person","@id":"https:\/\/stad10.com\/#\/schema\/person\/cdfbc272a6ec86059f0727cc523eeb1b","name":"ahmedmansour","image":{"@type":"ImageObject","inLanguage":"ar","@id":"https:\/\/stad10.com\/#\/schema\/person\/image\/","url":"https:\/\/secure.gravatar.com\/avatar\/55a414ad7432600d48f7a74b93041be2?s=96&d=mm&r=g","contentUrl":"https:\/\/secure.gravatar.com\/avatar\/55a414ad7432600d48f7a74b93041be2?s=96&d=mm&r=g","caption":"ahmedmansour"},"url":"https:\/\/stad10.com\/?author=17"}]}},"_links":{"self":[{"href":"https:\/\/stad10.com\/index.php?rest_route=\/wp\/v2\/posts\/34343"}],"collection":[{"href":"https:\/\/stad10.com\/index.php?rest_route=\/wp\/v2\/posts"}],"about":[{"href":"https:\/\/stad10.com\/index.php?rest_route=\/wp\/v2\/types\/post"}],"author":[{"embeddable":true,"href":"https:\/\/stad10.com\/index.php?rest_route=\/wp\/v2\/users\/17"}],"replies":[{"embeddable":true,"href":"https:\/\/stad10.com\/index.php?rest_route=%2Fwp%2Fv2%2Fcomments&post=34343"}],"version-history":[{"count":1,"href":"https:\/\/stad10.com\/index.php?rest_route=\/wp\/v2\/posts\/34343\/revisions"}],"predecessor-version":[{"id":34345,"href":"https:\/\/stad10.com\/index.php?rest_route=\/wp\/v2\/posts\/34343\/revisions\/34345"}],"wp:featuredmedia":[{"embeddable":true,"href":"https:\/\/stad10.com\/index.php?rest_route=\/wp\/v2\/media\/34344"}],"wp:attachment":[{"href":"https:\/\/stad10.com\/index.php?rest_route=%2Fwp%2Fv2%2Fmedia&parent=34343"}],"wp:term":[{"taxonomy":"category","embeddable":true,"href":"https:\/\/stad10.com\/index.php?rest_route=%2Fwp%2Fv2%2Fcategories&post=34343"},{"taxonomy":"post_tag","embeddable":true,"href":"https:\/\/stad10.com\/index.php?rest_route=%2Fwp%2Fv2%2Ftags&post=34343"}],"curies":[{"name":"wp","href":"https:\/\/api.w.org\/{rel}","templated":true}]}}