{"id":34418,"date":"2025-02-23T17:45:05","date_gmt":"2025-02-23T15:45:05","guid":{"rendered":"https:\/\/stad10.com\/?p=34418"},"modified":"2025-02-23T17:45:05","modified_gmt":"2025-02-23T15:45:05","slug":"official-real-madrid-starting-xi-to-face-girona","status":"publish","type":"post","link":"https:\/\/stad10.com\/?p=34418","title":{"rendered":"Official: Real Madrid starting XI to face Girona"},"content":{"rendered":"<p>Real Madrid is set to face Girona FC at the Santiago Bernab\u00e9u Stadium today, February 23, 2025, in a pivotal La Liga fixture. With the title race intensifying, securing three points is essential for Los Blancos to keep pace with rivals FC Barcelona and Atl\u00e9tico de Madrid.<\/p>\n<p>Head coach Carlo Ancelotti has emphasized the importance of this match, especially after a series of underwhelming league performances. In a recent press conference, Ancelotti stated, \u201cWe cannot afford to drop more points in LaLiga if we want to stay in the title race.\u201d This sentiment reflects the urgency within the squad to regaintheir winning form in domestic competition. \ue200cite\ue202turn0news30\ue201<\/p>\n<p>The official starting lineup for Real Madrid has been announced, featuring Thibaut Courtois in goal. The defense comprises Lucas V\u00e1zquez, Ra\u00fal Asencio, David Alaba, and Ferland Mendy. In midfield, Luka Modric, Aur\u00e9lien Tchouam\u00e9ni, and Brahim D\u00edaz will orchestrate play, while the attacking trio includes Rodrygo, Vin\u00edcius J\u00fanior, and Kylian Mbapp\u00e9. \ue200cite\ue202turn0news31\ue201<\/p>\n<p>Notably, Jude Bellingham is absentfrom the squad due to a two-match suspension following an incident in the 1-1 draw against Osasuna. His absence necessitates adjustments in midfield dynamics, with Brahim D\u00edaz stepping into a more prominent role. \ue200cite\ue202turn0news30\ue201<\/p>\n<p>Defensively, the return of David Alaba is a significant boost for Real Madrid. Alaba has been sidelined for an extended period due to injury, and his experience and leadership are invaluable assets to the backline. Partnering with Ra\u00fal Asencio, who has recently earned the coaching staff\u2019s trust, the duo aims to provide stability against Girona\u2019s offensive threats. \ue200cite\ue202turn0news31\ue201<\/p>\n<p>Girona FC enters this match seeking to overturn a challenging spell, having suffered four defeats in their last five league outings. Head coach M\u00edchel remains optimistic, expressing confidence in his squad\u2019s ability to compete at the highest level. However, the team will be without midfielder Yangel Herrera, who is suspended following a red card in their previous match against Getafe. Iv\u00e1n Mart\u00edn is expected to fill the void in midfield, offering defensive solidityand playmaking capabilities. \ue200cite\ue202turn0news29\ue201<\/p>\n<p>The probable lineup for Girona includes Paulo Gazzaniga in goal, with a defensive line of Arnau Mart\u00ednez, David L\u00f3pez, Tomas K\u0159ep\u0159, and Daley Blind. The midfield trio is likely to feature Iv\u00e1n Mart\u00edn, Oriol Romeu, and Miguel Guti\u00e9rrez, while Viktor Tsygankov, Bryan Gil, and Abel Ruiz are set to lead the attack. This formation aims to balance defensive resilience with offensive creativity, posing potential challenges to Real Madrid\u2019s defense. \ue200cite\ue202turn0news29\ue201<\/p>\n<p>Real Madrid\u2019s recent form in La Liga has been a cause for concern, with the team failing to secure victories in their last three league matches. Consecutive losses to Espanyol and draws against Atl\u00e9tico de Madrid and Osasuna have allowed Barcelona to ascend to the top of the table, albeit only on goal difference. This match against Girona presents an opportunity for Los Blancos to reclaim momentum and reaffirm their championship aspirations. \ue200cite\ue202turn0news30\ue201<\/p>\n<p>In contrast, Girona\u2019s recentstruggles have seen them slip to 11th place in the standings. Despite their current form, Girona has previously demonstrated the ability to challenge top-tier teams, making them a potential threat if underestimated. Their tactical approach under M\u00edchel emphasizes possession-based football, aiming to disrupt Real Madrid\u2019s rhythm and exploit any defensive lapses. \ue200cite\ue202turn0news29\ue201<\/p>\n<p>The attacking partnership of Vin\u00edcius J\u00fanior and Kylian Mbapp\u00e9 is anticipated to be a focal point for Real Madrid. Mbapp\u00e9, who recently netted a hat-trick in the 3-1 Champions League victory over Manchester City, is in scintillating form. Vin\u00edcius\u2019s pace and dribbling prowess complement Mbapp\u00e9\u2019s clinical finishing, creating a dynamic duo capable of dismantling defenses. Their synergy will be crucial in breaking down Girona\u2019s defensive setup. \ue200cite\ue202turn0news33\ue201<\/p>\n<p>Midfield maestro Luka Modric continues to be the linchpin in Real Madrid\u2019s engine room. His vision, passing accuracy, and ability to control the tempo of the game are instrumental in transitioning from defense to attack. Alongside Tchouam\u00e9ni and D\u00edaz, Modric\u2019s experience will be vital in dictating play and maintaining composure under pressure. The midfield battle is expected to be intense, with Girona\u2019s Oriol Romeu providing a formidable presence. \ue200cite\ue202turn0news31\ue201<\/p>\n<p>Defensively, Real Madrid will need to be vigilant against Girona\u2019s forward line, particularly the threat posed by Viktor Tsygankov and Bryan Gil. Both players possess flair and creativity, capable of unlocking defenses with incisive runs and precise passing. The coordination between Alaba and Asencio, along with support from full-backs V\u00e1zquez and Mendy, will be essential in neutralizing Girona\u2019s attacking endeavors. \ue200cite\ue202turn0news29\ue201<\/p>\n<p>The Santiago Bernab\u00e9u is expected to be a cauldron of support, with fans eager to see their team return to winning ways. Home advantage has historically been a significant factor for Real Madrid, and the players will look to harness the crowd\u2019s energy to fuel a dominant performance. A victory would not only boost morale but also send a statement to their title rivals about their intent and resilience.<\/p>\n<p>In summary, the clash between Real Madrid and Girona FC is more than just a routine league match; it\u2019s a critical juncture in the season that could influence the trajectory of<\/p>\n","protected":false},"excerpt":{"rendered":"<p>Real Madrid is set to face Girona FC at the Santiago Bernab\u00e9u Stadium today, February 23, 2025, in a pivotal La Liga fixture. With the title race intensifying, securing three points is essential for Los Blancos to keep pace with rivals FC Barcelona and Atl\u00e9tico de Madrid. Head coach Carlo Ancelotti has emphasized the importance [&hellip;]<\/p>\n","protected":false},"author":17,"featured_media":34419,"comment_status":"open","ping_status":"open","sticky":false,"template":"","format":"standard","meta":{"site-sidebar-layout":"default","site-content-layout":"","ast-site-content-layout":"","site-content-style":"default","site-sidebar-style":"default","ast-global-header-display":"","ast-banner-title-visibility":"","ast-main-header-display":"","ast-hfb-above-header-display":"","ast-hfb-below-header-display":"","ast-hfb-mobile-header-display":"","site-post-title":"","ast-breadcrumbs-content":"","ast-featured-img":"","footer-sml-layout":"","theme-transparent-header-meta":"","adv-header-id-meta":"","stick-header-meta":"","header-above-stick-meta":"","header-main-stick-meta":"","header-below-stick-meta":"","astra-migrate-meta-layouts":"default","ast-page-background-enabled":"default","ast-page-background-meta":{"desktop":{"background-color":"var(--ast-global-color-4)","background-image":"","background-repeat":"repeat","background-position":"center center","background-size":"auto","background-attachment":"scroll","background-type":"","background-media":"","overlay-type":"","overlay-color":"","overlay-opacity":"","overlay-gradient":""},"tablet":{"background-color":"","background-image":"","background-repeat":"repeat","background-position":"center center","background-size":"auto","background-attachment":"scroll","background-type":"","background-media":"","overlay-type":"","overlay-color":"","overlay-opacity":"","overlay-gradient":""},"mobile":{"background-color":"","background-image":"","background-repeat":"repeat","background-position":"center center","background-size":"auto","background-attachment":"scroll","background-type":"","background-media":"","overlay-type":"","overlay-color":"","overlay-opacity":"","overlay-gradient":""}},"ast-content-background-meta":{"desktop":{"background-color":"var(--ast-global-color-5)","background-image":"","background-repeat":"repeat","background-position":"center center","background-size":"auto","background-attachment":"scroll","background-type":"","background-media":"","overlay-type":"","overlay-color":"","overlay-opacity":"","overlay-gradient":""},"tablet":{"background-color":"var(--ast-global-color-5)","background-image":"","background-repeat":"repeat","background-position":"center center","background-size":"auto","background-attachment":"scroll","background-type":"","background-media":"","overlay-type":"","overlay-color":"","overlay-opacity":"","overlay-gradient":""},"mobile":{"background-color":"var(--ast-global-color-5)","background-image":"","background-repeat":"repeat","background-position":"center center","background-size":"auto","background-attachment":"scroll","background-type":"","background-media":"","overlay-type":"","overlay-color":"","overlay-opacity":"","overlay-gradient":""}},"footnotes":""},"categories":[30],"tags":[],"acf":[],"yoast_head":"<!-- This site is optimized with the Yoast SEO plugin v20.7 - https:\/\/yoast.com\/wordpress\/plugins\/seo\/ -->\n<title>Official: Real Madrid starting XI to face Girona -<\/title>\n<meta name=\"robots\" content=\"index, follow, max-snippet:-1, max-image-preview:large, max-video-preview:-1\" \/>\n<link rel=\"canonical\" href=\"https:\/\/stad10.com\/?p=34418\" \/>\n<meta property=\"og:locale\" content=\"ar_AR\" \/>\n<meta property=\"og:type\" content=\"article\" \/>\n<meta property=\"og:title\" content=\"Official: Real Madrid starting XI to face Girona -\" \/>\n<meta property=\"og:description\" content=\"Real Madrid is set to face Girona FC at the Santiago Bernab\u00e9u Stadium today, February 23, 2025, in a pivotal La Liga fixture. With the title race intensifying, securing three points is essential for Los Blancos to keep pace with rivals FC Barcelona and Atl\u00e9tico de Madrid. Head coach Carlo Ancelotti has emphasized the importance [&hellip;]\" \/>\n<meta property=\"og:url\" content=\"https:\/\/stad10.com\/?p=34418\" \/>\n<meta property=\"article:published_time\" content=\"2025-02-23T15:45:05+00:00\" \/>\n<meta property=\"og:image\" content=\"https:\/\/stad10.com\/wp-content\/uploads\/2025\/02\/Screenshot_20250223_174243.jpg\" \/>\n\t<meta property=\"og:image:width\" content=\"1080\" \/>\n\t<meta property=\"og:image:height\" content=\"691\" \/>\n\t<meta property=\"og:image:type\" content=\"image\/jpeg\" \/>\n<meta name=\"author\" content=\"ahmedmansour\" \/>\n<meta name=\"twitter:card\" content=\"summary_large_image\" \/>\n<meta name=\"twitter:label1\" content=\"\u0643\u064f\u062a\u0628 \u0628\u0648\u0627\u0633\u0637\u0629\" \/>\n\t<meta name=\"twitter:data1\" content=\"ahmedmansour\" \/>\n\t<meta name=\"twitter:label2\" content=\"\u0648\u0642\u062a \u0627\u0644\u0642\u0631\u0627\u0621\u0629 \u0627\u0644\u0645\u064f\u0642\u062f\u0651\u0631\" \/>\n\t<meta name=\"twitter:data2\" content=\"4 \u062f\u0642\u0627\u0626\u0642\" \/>\n<script type=\"application\/ld+json\" class=\"yoast-schema-graph\">{\"@context\":\"https:\/\/schema.org\",\"@graph\":[{\"@type\":\"WebPage\",\"@id\":\"https:\/\/stad10.com\/?p=34418\",\"url\":\"https:\/\/stad10.com\/?p=34418\",\"name\":\"Official: Real Madrid starting XI to face Girona -\",\"isPartOf\":{\"@id\":\"https:\/\/stad10.com\/#website\"},\"datePublished\":\"2025-02-23T15:45:05+00:00\",\"dateModified\":\"2025-02-23T15:45:05+00:00\",\"author\":{\"@id\":\"https:\/\/stad10.com\/#\/schema\/person\/cdfbc272a6ec86059f0727cc523eeb1b\"},\"breadcrumb\":{\"@id\":\"https:\/\/stad10.com\/?p=34418#breadcrumb\"},\"inLanguage\":\"ar\",\"potentialAction\":[{\"@type\":\"ReadAction\",\"target\":[\"https:\/\/stad10.com\/?p=34418\"]}]},{\"@type\":\"BreadcrumbList\",\"@id\":\"https:\/\/stad10.com\/?p=34418#breadcrumb\",\"itemListElement\":[{\"@type\":\"ListItem\",\"position\":1,\"name\":\"Home\",\"item\":\"https:\/\/stad10.com\/\"},{\"@type\":\"ListItem\",\"position\":2,\"name\":\"Official: Real Madrid starting XI to face Girona\"}]},{\"@type\":\"WebSite\",\"@id\":\"https:\/\/stad10.com\/#website\",\"url\":\"https:\/\/stad10.com\/\",\"name\":\"\",\"description\":\"\",\"potentialAction\":[{\"@type\":\"SearchAction\",\"target\":{\"@type\":\"EntryPoint\",\"urlTemplate\":\"https:\/\/stad10.com\/?s={search_term_string}\"},\"query-input\":\"required name=search_term_string\"}],\"inLanguage\":\"ar\"},{\"@type\":\"Person\",\"@id\":\"https:\/\/stad10.com\/#\/schema\/person\/cdfbc272a6ec86059f0727cc523eeb1b\",\"name\":\"ahmedmansour\",\"image\":{\"@type\":\"ImageObject\",\"inLanguage\":\"ar\",\"@id\":\"https:\/\/stad10.com\/#\/schema\/person\/image\/\",\"url\":\"https:\/\/secure.gravatar.com\/avatar\/55a414ad7432600d48f7a74b93041be2?s=96&d=mm&r=g\",\"contentUrl\":\"https:\/\/secure.gravatar.com\/avatar\/55a414ad7432600d48f7a74b93041be2?s=96&d=mm&r=g\",\"caption\":\"ahmedmansour\"},\"url\":\"https:\/\/stad10.com\/?author=17\"}]}<\/script>\n<!-- \/ Yoast SEO plugin. -->","yoast_head_json":{"title":"Official: Real Madrid starting XI to face Girona -","robots":{"index":"index","follow":"follow","max-snippet":"max-snippet:-1","max-image-preview":"max-image-preview:large","max-video-preview":"max-video-preview:-1"},"canonical":"https:\/\/stad10.com\/?p=34418","og_locale":"ar_AR","og_type":"article","og_title":"Official: Real Madrid starting XI to face Girona -","og_description":"Real Madrid is set to face Girona FC at the Santiago Bernab\u00e9u Stadium today, February 23, 2025, in a pivotal La Liga fixture. With the title race intensifying, securing three points is essential for Los Blancos to keep pace with rivals FC Barcelona and Atl\u00e9tico de Madrid. Head coach Carlo Ancelotti has emphasized the importance [&hellip;]","og_url":"https:\/\/stad10.com\/?p=34418","article_published_time":"2025-02-23T15:45:05+00:00","og_image":[{"width":1080,"height":691,"url":"https:\/\/stad10.com\/wp-content\/uploads\/2025\/02\/Screenshot_20250223_174243.jpg","type":"image\/jpeg"}],"author":"ahmedmansour","twitter_card":"summary_large_image","twitter_misc":{"\u0643\u064f\u062a\u0628 \u0628\u0648\u0627\u0633\u0637\u0629":"ahmedmansour","\u0648\u0642\u062a \u0627\u0644\u0642\u0631\u0627\u0621\u0629 \u0627\u0644\u0645\u064f\u0642\u062f\u0651\u0631":"4 \u062f\u0642\u0627\u0626\u0642"},"schema":{"@context":"https:\/\/schema.org","@graph":[{"@type":"WebPage","@id":"https:\/\/stad10.com\/?p=34418","url":"https:\/\/stad10.com\/?p=34418","name":"Official: Real Madrid starting XI to face Girona -","isPartOf":{"@id":"https:\/\/stad10.com\/#website"},"datePublished":"2025-02-23T15:45:05+00:00","dateModified":"2025-02-23T15:45:05+00:00","author":{"@id":"https:\/\/stad10.com\/#\/schema\/person\/cdfbc272a6ec86059f0727cc523eeb1b"},"breadcrumb":{"@id":"https:\/\/stad10.com\/?p=34418#breadcrumb"},"inLanguage":"ar","potentialAction":[{"@type":"ReadAction","target":["https:\/\/stad10.com\/?p=34418"]}]},{"@type":"BreadcrumbList","@id":"https:\/\/stad10.com\/?p=34418#breadcrumb","itemListElement":[{"@type":"ListItem","position":1,"name":"Home","item":"https:\/\/stad10.com\/"},{"@type":"ListItem","position":2,"name":"Official: Real Madrid starting XI to face Girona"}]},{"@type":"WebSite","@id":"https:\/\/stad10.com\/#website","url":"https:\/\/stad10.com\/","name":"","description":"","potentialAction":[{"@type":"SearchAction","target":{"@type":"EntryPoint","urlTemplate":"https:\/\/stad10.com\/?s={search_term_string}"},"query-input":"required name=search_term_string"}],"inLanguage":"ar"},{"@type":"Person","@id":"https:\/\/stad10.com\/#\/schema\/person\/cdfbc272a6ec86059f0727cc523eeb1b","name":"ahmedmansour","image":{"@type":"ImageObject","inLanguage":"ar","@id":"https:\/\/stad10.com\/#\/schema\/person\/image\/","url":"https:\/\/secure.gravatar.com\/avatar\/55a414ad7432600d48f7a74b93041be2?s=96&d=mm&r=g","contentUrl":"https:\/\/secure.gravatar.com\/avatar\/55a414ad7432600d48f7a74b93041be2?s=96&d=mm&r=g","caption":"ahmedmansour"},"url":"https:\/\/stad10.com\/?author=17"}]}},"_links":{"self":[{"href":"https:\/\/stad10.com\/index.php?rest_route=\/wp\/v2\/posts\/34418"}],"collection":[{"href":"https:\/\/stad10.com\/index.php?rest_route=\/wp\/v2\/posts"}],"about":[{"href":"https:\/\/stad10.com\/index.php?rest_route=\/wp\/v2\/types\/post"}],"author":[{"embeddable":true,"href":"https:\/\/stad10.com\/index.php?rest_route=\/wp\/v2\/users\/17"}],"replies":[{"embeddable":true,"href":"https:\/\/stad10.com\/index.php?rest_route=%2Fwp%2Fv2%2Fcomments&post=34418"}],"version-history":[{"count":1,"href":"https:\/\/stad10.com\/index.php?rest_route=\/wp\/v2\/posts\/34418\/revisions"}],"predecessor-version":[{"id":34420,"href":"https:\/\/stad10.com\/index.php?rest_route=\/wp\/v2\/posts\/34418\/revisions\/34420"}],"wp:featuredmedia":[{"embeddable":true,"href":"https:\/\/stad10.com\/index.php?rest_route=\/wp\/v2\/media\/34419"}],"wp:attachment":[{"href":"https:\/\/stad10.com\/index.php?rest_route=%2Fwp%2Fv2%2Fmedia&parent=34418"}],"wp:term":[{"taxonomy":"category","embeddable":true,"href":"https:\/\/stad10.com\/index.php?rest_route=%2Fwp%2Fv2%2Fcategories&post=34418"},{"taxonomy":"post_tag","embeddable":true,"href":"https:\/\/stad10.com\/index.php?rest_route=%2Fwp%2Fv2%2Ftags&post=34418"}],"curies":[{"name":"wp","href":"https:\/\/api.w.org\/{rel}","templated":true}]}}