{"id":34620,"date":"2025-02-26T14:16:21","date_gmt":"2025-02-26T12:16:21","guid":{"rendered":"https:\/\/stad10.com\/?p=34620"},"modified":"2025-02-26T14:16:21","modified_gmt":"2025-02-26T12:16:21","slug":"copa-del-rey-semi-final-carlo-ancelotti-unveils-the-squad-list-three-major-absentees","status":"publish","type":"post","link":"https:\/\/stad10.com\/?p=34620","title":{"rendered":"Copa del Rey semi-final: Carlo Ancelotti unveils the squad list, three major absentees!"},"content":{"rendered":"<p>As Real Madrid gears up for the first leg of their Copa del Rey semi-final clash against Real Sociedad, manager Carlo Ancelotti has announced the squad list. However, the selection comes with some notable absences, which could have a significant impact on the team\u2019s performance in this crucial encounter.<\/p>\n<p>The Madrid giants will travel to the Reale Arena to face a formidable Real Sociedad side on Wednesday evening. The Basque club, known for its resilience and tactical discipline, will be looking to take advantage of their home crowd as they attempt to unsettle the reigning La Liga champions. This semi-final comes on the heels of a fiery encounter between FC Barcelona and Atl\u00e9tico Madrid in the other semi-final, a match that set the stage for what promises to be another intense battle in San Sebasti\u00e1n.<\/p>\n<p>Despite being the favorites, Real Madrid must navigate this fixture without three key players. Ancelotti had initially hinted at the presence of Kylian Mbapp\u00e9, who underwent dental surgery earlier in the week, but the French forward has ultimately been ruled out. His absence leaves a significant gap in Madrid\u2019s attacking options, especially considering his ability to create and convert chances in high-pressure situations.<\/p>\n<p>In addition to Mbapp\u00e9, goalkeeper Thibaut Courtois and midfielder Federico Valverde will also be missing from the squad. While Mbapp\u00e9\u2019s omission is due to health reasons, the decisions to leave out Courtois and Valverde appear to be tactical. Valverde, who has been a workhorse for Madrid this season, has been given a well-earned rest after a grueling run of fixtures. Meanwhile, Courtois, who is in the final stages of his recovery from a long-term injury, will sit this one out as Ancelotti opts to give Ukrainian shot-stopper Andriy Lunin more minutes between the posts.<\/p>\n<p>Despite these setbacks, Los Blancos still boast a strong squad capable of securing a favorable result. The attack will be led by Brazilian stars Vinicius Junior and Rodrygo Goes, with support from Endrick and Brahim D\u00edaz. Vinicius and Rodrygo have been in excellent form, and their pace, dribbling ability, and chemistry could prove decisive against a well-organized Sociedad defense.<\/p>\n<p>The midfield remains stacked with quality and experience. Jude Bellingham, Dani Ceballos, Arda G\u00fcler, Aur\u00e9lien Tchouam\u00e9ni, Luka Modric, and Eduardo Camavinga are all available for selection. Bellingham, in particular, will be one to watch, as the Englishman has consistently delivered match-winning performances throughout the season. Meanwhile, Turkish prodigy Arda G\u00fcler might finally get the opportunity to showcase his talent after struggling for regular playing time.<\/p>\n<p>Defensively, Ancelotti has maintained continuity, with Antonio R\u00fcdiger, David Alaba, Ferland Mendy, Lucas V\u00e1zquez, and Fran Garc\u00eda all making the squad. The presence of R\u00fcdiger and Alaba at the heart of the defense will be crucial in nullifying Sociedad\u2019s attacking threats, particularly from Takefusa Kubo, who has been in scintillating form for the Basque outfit this season.<\/p>\n<p>One notable absentee from the defensive lineup is Jes\u00fas Vallejo, who has been ruled out for the remainder of the season due to a femoral biceps injury in his left leg. The injury was confirmed by the club\u2019s medical team, and it is yet another setback for the Spanish defender, who has struggled with fitness issues throughout his time at Madrid.<\/p>\n<p>Real Madrid\u2019s trip to Anoeta is expected to be a stern test. Sociedad has proven to be a tough opponent in recent years, andtheir ability to press high and disrupt Madrid\u2019s buildup play could create problems for Ancelotti\u2019s men. The midfield battle will be crucial, with Tchouam\u00e9ni and Camavinga expected to play key roles in controlling possession and breaking up Sociedad\u2019s attacks.<\/p>\n<p>Moreover, Madrid\u2019s ability to convert their chances will be under scrutiny, especially in the absence of Mbapp\u00e9. Vinicius and Rodrygo will need to be clinical in front of goal, while Bellingham\u2019s late runs into the box could provide an additional attacking edge. Ancelotti may also look to D\u00edaz for creativity in the final third, as the Spanish playmaker has shown flashes of brilliance when given the opportunity.<\/p>\n<p>Lunin\u2019s performance in goal will be another critical factor. While the Ukrainian has impressed in his previous appearances, he will need to be at his absolute best to keep out Sociedad\u2019s relentless attacking movements. The home side will likely test him with long-range shots and aerial duels, making it a challenging outing for the young goalkeeper.<\/p>\n<p>The absence of Valverde could also impact Madrid\u2019s defensive solidity in midfield. The Uruguayan\u2019s energy, pressing ability, and work rate are often key in maintaining the team\u2019s balance. Without him, Modric and Ceballos might be tasked with more defensive responsibilities, something that could alter the team\u2019s natural attacking rhythm.<\/p>\n<p>While Madrid fans would have preferred to see a full-strength squad, the depth of Ancelotti\u2019s team remains a significant advantage. The Italian tactician has always been adept at rotating his squad while maintaining a competitive edge, and this match will be another opportunity for him to demonstrate his tactical acumen.<\/p>\n<p>With a place in the Copa del Rey final on the line, Madrid will need to navigate this tricky away fixture with caution and efficiency. A solid defensive performance combined with sharp attacking transitions could give them the upper hand before the second leg at the Santiago Bernab\u00e9u.<\/p>\n<p>Ultimately, despite the three major absentees, Real Madrid remains well-equipped to take on Real Sociedad. Ancelotti will be banking on the leadership of experienced players like Modric and Alaba, while also hoping for game-changing contributions from rising stars like Bellingham and G\u00fcler.<\/p>\n<p>As the countdown to kickoff continues, all eyes will be on Madrid\u2019s response to adversity. Will they overcome the challenge posed by Real Sociedad and take a step closer to silverware, or will their key absences prove too much to handle? Only time will tell, but one thing is certain\u2014this semi-final clash is set to be a thrilling encounter.<\/p>\n","protected":false},"excerpt":{"rendered":"<p>As Real Madrid gears up for the first leg of their Copa del Rey semi-final clash against Real Sociedad, manager Carlo Ancelotti has announced the squad list. However, the selection comes with some notable absences, which could have a significant impact on the team\u2019s performance in this crucial encounter. The Madrid giants will travel to [&hellip;]<\/p>\n","protected":false},"author":17,"featured_media":34621,"comment_status":"open","ping_status":"open","sticky":false,"template":"","format":"standard","meta":{"site-sidebar-layout":"default","site-content-layout":"","ast-site-content-layout":"","site-content-style":"default","site-sidebar-style":"default","ast-global-header-display":"","ast-banner-title-visibility":"","ast-main-header-display":"","ast-hfb-above-header-display":"","ast-hfb-below-header-display":"","ast-hfb-mobile-header-display":"","site-post-title":"","ast-breadcrumbs-content":"","ast-featured-img":"","footer-sml-layout":"","theme-transparent-header-meta":"","adv-header-id-meta":"","stick-header-meta":"","header-above-stick-meta":"","header-main-stick-meta":"","header-below-stick-meta":"","astra-migrate-meta-layouts":"default","ast-page-background-enabled":"default","ast-page-background-meta":{"desktop":{"background-color":"var(--ast-global-color-4)","background-image":"","background-repeat":"repeat","background-position":"center center","background-size":"auto","background-attachment":"scroll","background-type":"","background-media":"","overlay-type":"","overlay-color":"","overlay-opacity":"","overlay-gradient":""},"tablet":{"background-color":"","background-image":"","background-repeat":"repeat","background-position":"center center","background-size":"auto","background-attachment":"scroll","background-type":"","background-media":"","overlay-type":"","overlay-color":"","overlay-opacity":"","overlay-gradient":""},"mobile":{"background-color":"","background-image":"","background-repeat":"repeat","background-position":"center center","background-size":"auto","background-attachment":"scroll","background-type":"","background-media":"","overlay-type":"","overlay-color":"","overlay-opacity":"","overlay-gradient":""}},"ast-content-background-meta":{"desktop":{"background-color":"var(--ast-global-color-5)","background-image":"","background-repeat":"repeat","background-position":"center center","background-size":"auto","background-attachment":"scroll","background-type":"","background-media":"","overlay-type":"","overlay-color":"","overlay-opacity":"","overlay-gradient":""},"tablet":{"background-color":"var(--ast-global-color-5)","background-image":"","background-repeat":"repeat","background-position":"center center","background-size":"auto","background-attachment":"scroll","background-type":"","background-media":"","overlay-type":"","overlay-color":"","overlay-opacity":"","overlay-gradient":""},"mobile":{"background-color":"var(--ast-global-color-5)","background-image":"","background-repeat":"repeat","background-position":"center center","background-size":"auto","background-attachment":"scroll","background-type":"","background-media":"","overlay-type":"","overlay-color":"","overlay-opacity":"","overlay-gradient":""}},"footnotes":""},"categories":[30],"tags":[],"acf":[],"yoast_head":"<!-- This site is optimized with the Yoast SEO plugin v20.7 - https:\/\/yoast.com\/wordpress\/plugins\/seo\/ -->\n<title>Copa del Rey semi-final: Carlo Ancelotti unveils the squad list, three major absentees! -<\/title>\n<meta name=\"robots\" content=\"index, follow, max-snippet:-1, max-image-preview:large, max-video-preview:-1\" \/>\n<link rel=\"canonical\" href=\"https:\/\/stad10.com\/?p=34620\" \/>\n<meta property=\"og:locale\" content=\"ar_AR\" \/>\n<meta property=\"og:type\" content=\"article\" \/>\n<meta property=\"og:title\" content=\"Copa del Rey semi-final: Carlo Ancelotti unveils the squad list, three major absentees! -\" \/>\n<meta property=\"og:description\" content=\"As Real Madrid gears up for the first leg of their Copa del Rey semi-final clash against Real Sociedad, manager Carlo Ancelotti has announced the squad list. However, the selection comes with some notable absences, which could have a significant impact on the team\u2019s performance in this crucial encounter. The Madrid giants will travel to [&hellip;]\" \/>\n<meta property=\"og:url\" content=\"https:\/\/stad10.com\/?p=34620\" \/>\n<meta property=\"article:published_time\" content=\"2025-02-26T12:16:21+00:00\" \/>\n<meta property=\"og:image\" content=\"https:\/\/stad10.com\/wp-content\/uploads\/2025\/02\/Screenshot_\u0662\u0660\u0662\u0665-\u0660\u0662-\u0662\u0666-\u0661\u0664-\u0661\u0664-\u0664\u0668-\u0665\u0666\u0662_com.facebook.katana-edit.jpg\" \/>\n\t<meta property=\"og:image:width\" content=\"791\" \/>\n\t<meta property=\"og:image:height\" content=\"489\" \/>\n\t<meta property=\"og:image:type\" content=\"image\/jpeg\" \/>\n<meta name=\"author\" content=\"ahmedmansour\" \/>\n<meta name=\"twitter:card\" content=\"summary_large_image\" \/>\n<meta name=\"twitter:label1\" content=\"\u0643\u064f\u062a\u0628 \u0628\u0648\u0627\u0633\u0637\u0629\" \/>\n\t<meta name=\"twitter:data1\" content=\"ahmedmansour\" \/>\n\t<meta name=\"twitter:label2\" content=\"\u0648\u0642\u062a \u0627\u0644\u0642\u0631\u0627\u0621\u0629 \u0627\u0644\u0645\u064f\u0642\u062f\u0651\u0631\" \/>\n\t<meta name=\"twitter:data2\" content=\"5 \u062f\u0642\u0627\u0626\u0642\" \/>\n<script type=\"application\/ld+json\" class=\"yoast-schema-graph\">{\"@context\":\"https:\/\/schema.org\",\"@graph\":[{\"@type\":\"WebPage\",\"@id\":\"https:\/\/stad10.com\/?p=34620\",\"url\":\"https:\/\/stad10.com\/?p=34620\",\"name\":\"Copa del Rey semi-final: Carlo Ancelotti unveils the squad list, three major absentees! -\",\"isPartOf\":{\"@id\":\"https:\/\/stad10.com\/#website\"},\"datePublished\":\"2025-02-26T12:16:21+00:00\",\"dateModified\":\"2025-02-26T12:16:21+00:00\",\"author\":{\"@id\":\"https:\/\/stad10.com\/#\/schema\/person\/cdfbc272a6ec86059f0727cc523eeb1b\"},\"breadcrumb\":{\"@id\":\"https:\/\/stad10.com\/?p=34620#breadcrumb\"},\"inLanguage\":\"ar\",\"potentialAction\":[{\"@type\":\"ReadAction\",\"target\":[\"https:\/\/stad10.com\/?p=34620\"]}]},{\"@type\":\"BreadcrumbList\",\"@id\":\"https:\/\/stad10.com\/?p=34620#breadcrumb\",\"itemListElement\":[{\"@type\":\"ListItem\",\"position\":1,\"name\":\"Home\",\"item\":\"https:\/\/stad10.com\/\"},{\"@type\":\"ListItem\",\"position\":2,\"name\":\"Copa del Rey semi-final: Carlo Ancelotti unveils the squad list, three major absentees!\"}]},{\"@type\":\"WebSite\",\"@id\":\"https:\/\/stad10.com\/#website\",\"url\":\"https:\/\/stad10.com\/\",\"name\":\"\",\"description\":\"\",\"potentialAction\":[{\"@type\":\"SearchAction\",\"target\":{\"@type\":\"EntryPoint\",\"urlTemplate\":\"https:\/\/stad10.com\/?s={search_term_string}\"},\"query-input\":\"required name=search_term_string\"}],\"inLanguage\":\"ar\"},{\"@type\":\"Person\",\"@id\":\"https:\/\/stad10.com\/#\/schema\/person\/cdfbc272a6ec86059f0727cc523eeb1b\",\"name\":\"ahmedmansour\",\"image\":{\"@type\":\"ImageObject\",\"inLanguage\":\"ar\",\"@id\":\"https:\/\/stad10.com\/#\/schema\/person\/image\/\",\"url\":\"https:\/\/secure.gravatar.com\/avatar\/55a414ad7432600d48f7a74b93041be2?s=96&d=mm&r=g\",\"contentUrl\":\"https:\/\/secure.gravatar.com\/avatar\/55a414ad7432600d48f7a74b93041be2?s=96&d=mm&r=g\",\"caption\":\"ahmedmansour\"},\"url\":\"https:\/\/stad10.com\/?author=17\"}]}<\/script>\n<!-- \/ Yoast SEO plugin. -->","yoast_head_json":{"title":"Copa del Rey semi-final: Carlo Ancelotti unveils the squad list, three major absentees! -","robots":{"index":"index","follow":"follow","max-snippet":"max-snippet:-1","max-image-preview":"max-image-preview:large","max-video-preview":"max-video-preview:-1"},"canonical":"https:\/\/stad10.com\/?p=34620","og_locale":"ar_AR","og_type":"article","og_title":"Copa del Rey semi-final: Carlo Ancelotti unveils the squad list, three major absentees! -","og_description":"As Real Madrid gears up for the first leg of their Copa del Rey semi-final clash against Real Sociedad, manager Carlo Ancelotti has announced the squad list. However, the selection comes with some notable absences, which could have a significant impact on the team\u2019s performance in this crucial encounter. The Madrid giants will travel to [&hellip;]","og_url":"https:\/\/stad10.com\/?p=34620","article_published_time":"2025-02-26T12:16:21+00:00","og_image":[{"width":791,"height":489,"url":"https:\/\/stad10.com\/wp-content\/uploads\/2025\/02\/Screenshot_\u0662\u0660\u0662\u0665-\u0660\u0662-\u0662\u0666-\u0661\u0664-\u0661\u0664-\u0664\u0668-\u0665\u0666\u0662_com.facebook.katana-edit.jpg","type":"image\/jpeg"}],"author":"ahmedmansour","twitter_card":"summary_large_image","twitter_misc":{"\u0643\u064f\u062a\u0628 \u0628\u0648\u0627\u0633\u0637\u0629":"ahmedmansour","\u0648\u0642\u062a \u0627\u0644\u0642\u0631\u0627\u0621\u0629 \u0627\u0644\u0645\u064f\u0642\u062f\u0651\u0631":"5 \u062f\u0642\u0627\u0626\u0642"},"schema":{"@context":"https:\/\/schema.org","@graph":[{"@type":"WebPage","@id":"https:\/\/stad10.com\/?p=34620","url":"https:\/\/stad10.com\/?p=34620","name":"Copa del Rey semi-final: Carlo Ancelotti unveils the squad list, three major absentees! -","isPartOf":{"@id":"https:\/\/stad10.com\/#website"},"datePublished":"2025-02-26T12:16:21+00:00","dateModified":"2025-02-26T12:16:21+00:00","author":{"@id":"https:\/\/stad10.com\/#\/schema\/person\/cdfbc272a6ec86059f0727cc523eeb1b"},"breadcrumb":{"@id":"https:\/\/stad10.com\/?p=34620#breadcrumb"},"inLanguage":"ar","potentialAction":[{"@type":"ReadAction","target":["https:\/\/stad10.com\/?p=34620"]}]},{"@type":"BreadcrumbList","@id":"https:\/\/stad10.com\/?p=34620#breadcrumb","itemListElement":[{"@type":"ListItem","position":1,"name":"Home","item":"https:\/\/stad10.com\/"},{"@type":"ListItem","position":2,"name":"Copa del Rey semi-final: Carlo Ancelotti unveils the squad list, three major absentees!"}]},{"@type":"WebSite","@id":"https:\/\/stad10.com\/#website","url":"https:\/\/stad10.com\/","name":"","description":"","potentialAction":[{"@type":"SearchAction","target":{"@type":"EntryPoint","urlTemplate":"https:\/\/stad10.com\/?s={search_term_string}"},"query-input":"required name=search_term_string"}],"inLanguage":"ar"},{"@type":"Person","@id":"https:\/\/stad10.com\/#\/schema\/person\/cdfbc272a6ec86059f0727cc523eeb1b","name":"ahmedmansour","image":{"@type":"ImageObject","inLanguage":"ar","@id":"https:\/\/stad10.com\/#\/schema\/person\/image\/","url":"https:\/\/secure.gravatar.com\/avatar\/55a414ad7432600d48f7a74b93041be2?s=96&d=mm&r=g","contentUrl":"https:\/\/secure.gravatar.com\/avatar\/55a414ad7432600d48f7a74b93041be2?s=96&d=mm&r=g","caption":"ahmedmansour"},"url":"https:\/\/stad10.com\/?author=17"}]}},"_links":{"self":[{"href":"https:\/\/stad10.com\/index.php?rest_route=\/wp\/v2\/posts\/34620"}],"collection":[{"href":"https:\/\/stad10.com\/index.php?rest_route=\/wp\/v2\/posts"}],"about":[{"href":"https:\/\/stad10.com\/index.php?rest_route=\/wp\/v2\/types\/post"}],"author":[{"embeddable":true,"href":"https:\/\/stad10.com\/index.php?rest_route=\/wp\/v2\/users\/17"}],"replies":[{"embeddable":true,"href":"https:\/\/stad10.com\/index.php?rest_route=%2Fwp%2Fv2%2Fcomments&post=34620"}],"version-history":[{"count":1,"href":"https:\/\/stad10.com\/index.php?rest_route=\/wp\/v2\/posts\/34620\/revisions"}],"predecessor-version":[{"id":34622,"href":"https:\/\/stad10.com\/index.php?rest_route=\/wp\/v2\/posts\/34620\/revisions\/34622"}],"wp:featuredmedia":[{"embeddable":true,"href":"https:\/\/stad10.com\/index.php?rest_route=\/wp\/v2\/media\/34621"}],"wp:attachment":[{"href":"https:\/\/stad10.com\/index.php?rest_route=%2Fwp%2Fv2%2Fmedia&parent=34620"}],"wp:term":[{"taxonomy":"category","embeddable":true,"href":"https:\/\/stad10.com\/index.php?rest_route=%2Fwp%2Fv2%2Fcategories&post=34620"},{"taxonomy":"post_tag","embeddable":true,"href":"https:\/\/stad10.com\/index.php?rest_route=%2Fwp%2Fv2%2Ftags&post=34620"}],"curies":[{"name":"wp","href":"https:\/\/api.w.org\/{rel}","templated":true}]}}