{"id":34630,"date":"2025-02-26T16:54:45","date_gmt":"2025-02-26T14:54:45","guid":{"rendered":"https:\/\/stad10.com\/?p=34630"},"modified":"2025-02-26T16:54:45","modified_gmt":"2025-02-26T14:54:45","slug":"4-3-3-vs-4-3-3-valverde-and-mbappe-rested-predicted-real-madrid-lineup-vs-real-sociedad-as-ancelotti-sets-up-a-new-frontline","status":"publish","type":"post","link":"https:\/\/stad10.com\/?p=34630","title":{"rendered":"4-3-3) vs (4-3-3) Valverde and Mbapp\u00e9 rested \u2013 Predicted Real Madrid lineup vs Real Sociedad as Ancelotti sets up a new frontline"},"content":{"rendered":"<p>Real Madrid is set to face Real Sociedad in the first leg of the Copa del Rey semifinal, and Carlo Ancelotti has decided to rotate his squad for this crucial fixture. With the demanding schedule ahead, some key players, including Kylian Mbapp\u00e9 and Federico Valverde, will be rested.<\/p>\n<p>Mbapp\u00e9, who has been dealing with discomfort following a recent dental procedure, will not be available for selection. Meanwhile, Valverde is nursing a minor muscle issue, and Ancelotti has opted to give him additional time to recover. Their absence will force Madrid to adjust its approach, particularly in attack and midfield.<\/p>\n<p>The goalkeeping situation also presents a challenge for Ancelotti. Thibaut Courtois is unavailable due to slight discomfort in his right leg, meaning Andriy Lunin will once again step in between the posts. Lunin has shown reliability when called upon, and this will be another opportunity for him to prove his worth.<\/p>\n<p>Defensively, Real Madrid will line up with Lucas V\u00e1zquez on the right and Fran Garc\u00eda on the left, providing width and supportfor the attack. Antonio R\u00fcdiger will marshal the center of defense alongside Asencio, who is expected to step in for the unavailable Jes\u00fas Vallejo, who is sidelined with a left biceps femoris tear.<\/p>\n<p>In midfield, Ancelotti will rely on a trio of Dani Ceballos, Aur\u00e9lien Tchouam\u00e9ni, and Jude Bellingham. Ceballos, known for his technical ability and control, will likely play a key role in linking defense and attack. Tchouam\u00e9ni will provide the defensive cover, while Bellingham\u2014before serving an upcoming suspension\u2014will be tasked with breaking the lines and contributing offensively.<\/p>\n<p>With Mbapp\u00e9 and Valverde absent, Ancelotti has had to make changes in his attacking setup. Vin\u00edcius J\u00fanior and Rodrygo will retain their places on the flanks, offering pace and creativity, while Brahim D\u00edaz is expected to take on a central attacking role. D\u00edaz has impressed in recent matches and will have a chance to showcase his abilities as Madrid\u2019s primary goal threat.<\/p>\n<p>Ancelotti spoke to the media ahead of the clash, acknowledging the strengthof Real Sociedad and the difficulties they pose. The Italian manager emphasized the importance of focus and intensity, given the high stakes of the fixture. He also defended his rotation decisions, highlighting the need to manage player fitness ahead of crucial matches in both domestic and European competitions.<\/p>\n<p>The decision to rest Mbapp\u00e9 and Valverde is not just about their current conditions but also a strategic move to keep them fresh for upcoming challenges. Real Madrid is still competing on multiple fronts, including La Liga and the Champions League, making squad management essential.<\/p>\n<p>Real Sociedad will not make things easy for Los Blancos. They are a well-organized side with a solid defensive structure and quick transitions in attack. Madrid\u2019s rotated squad will need to be at its best to secure a favorable result ahead of the second leg at the Santiago Bernab\u00e9u.<\/p>\n<p>Despite the changes, Madrid remains confident in its ability to get a positive result. The team has shown resilience throughout the season, often stepping up incrucial moments, and Ancelotti\u2019s tactical adjustments will be key in navigating this fixture.<\/p>\n<p>Bellingham\u2019s presence in the lineup will be a major boost, as he has been one of Madrid\u2019s most influential players this season. His ability to arrive late in the box and create scoring opportunities will be vital in breaking down Real Sociedad\u2019s defense.<\/p>\n<p>Defensively, R\u00fcdiger will have the responsibility of keeping Real Sociedad\u2019s attackers in check. His leadership and experience will be crucial, especially with a relatively untested backline. The German center-back has been a rock at the heart of Madrid\u2019s defense, and he will need to deliver another strong performance.<\/p>\n<p>The match is set to kick off at 9:30 PM CET at the Reale Arena, a stadium known for its intense atmosphere. Real Madrid fans will be watching closely to see how this adjusted lineup performs in one of the most important matches of their Copa del Rey campaign.<\/p>\n<p>With a place in the final at stake, the expectations are high. Ancelotti\u2019s tactical tweaks and the performances of Madrid\u2019s emerging talents will determine whether Los Blancos can take a step closer to silverware in the Copa del Rey.<\/p>\n","protected":false},"excerpt":{"rendered":"<p>Real Madrid is set to face Real Sociedad in the first leg of the Copa del Rey semifinal, and Carlo Ancelotti has decided to rotate his squad for this crucial fixture. With the demanding schedule ahead, some key players, including Kylian Mbapp\u00e9 and Federico Valverde, will be rested. Mbapp\u00e9, who has been dealing with discomfort [&hellip;]<\/p>\n","protected":false},"author":17,"featured_media":34631,"comment_status":"open","ping_status":"open","sticky":false,"template":"","format":"standard","meta":{"site-sidebar-layout":"default","site-content-layout":"","ast-site-content-layout":"","site-content-style":"default","site-sidebar-style":"default","ast-global-header-display":"","ast-banner-title-visibility":"","ast-main-header-display":"","ast-hfb-above-header-display":"","ast-hfb-below-header-display":"","ast-hfb-mobile-header-display":"","site-post-title":"","ast-breadcrumbs-content":"","ast-featured-img":"","footer-sml-layout":"","theme-transparent-header-meta":"","adv-header-id-meta":"","stick-header-meta":"","header-above-stick-meta":"","header-main-stick-meta":"","header-below-stick-meta":"","astra-migrate-meta-layouts":"default","ast-page-background-enabled":"default","ast-page-background-meta":{"desktop":{"background-color":"var(--ast-global-color-4)","background-image":"","background-repeat":"repeat","background-position":"center center","background-size":"auto","background-attachment":"scroll","background-type":"","background-media":"","overlay-type":"","overlay-color":"","overlay-opacity":"","overlay-gradient":""},"tablet":{"background-color":"","background-image":"","background-repeat":"repeat","background-position":"center center","background-size":"auto","background-attachment":"scroll","background-type":"","background-media":"","overlay-type":"","overlay-color":"","overlay-opacity":"","overlay-gradient":""},"mobile":{"background-color":"","background-image":"","background-repeat":"repeat","background-position":"center center","background-size":"auto","background-attachment":"scroll","background-type":"","background-media":"","overlay-type":"","overlay-color":"","overlay-opacity":"","overlay-gradient":""}},"ast-content-background-meta":{"desktop":{"background-color":"var(--ast-global-color-5)","background-image":"","background-repeat":"repeat","background-position":"center center","background-size":"auto","background-attachment":"scroll","background-type":"","background-media":"","overlay-type":"","overlay-color":"","overlay-opacity":"","overlay-gradient":""},"tablet":{"background-color":"var(--ast-global-color-5)","background-image":"","background-repeat":"repeat","background-position":"center center","background-size":"auto","background-attachment":"scroll","background-type":"","background-media":"","overlay-type":"","overlay-color":"","overlay-opacity":"","overlay-gradient":""},"mobile":{"background-color":"var(--ast-global-color-5)","background-image":"","background-repeat":"repeat","background-position":"center center","background-size":"auto","background-attachment":"scroll","background-type":"","background-media":"","overlay-type":"","overlay-color":"","overlay-opacity":"","overlay-gradient":""}},"footnotes":""},"categories":[30],"tags":[],"acf":[],"yoast_head":"<!-- This site is optimized with the Yoast SEO plugin v20.7 - https:\/\/yoast.com\/wordpress\/plugins\/seo\/ -->\n<title>4-3-3) vs (4-3-3) Valverde and Mbapp\u00e9 rested \u2013 Predicted Real Madrid lineup vs Real Sociedad as Ancelotti sets up a new frontline -<\/title>\n<meta name=\"robots\" content=\"index, follow, max-snippet:-1, max-image-preview:large, max-video-preview:-1\" \/>\n<link rel=\"canonical\" href=\"https:\/\/stad10.com\/?p=34630\" \/>\n<meta property=\"og:locale\" content=\"ar_AR\" \/>\n<meta property=\"og:type\" content=\"article\" \/>\n<meta property=\"og:title\" content=\"4-3-3) vs (4-3-3) Valverde and Mbapp\u00e9 rested \u2013 Predicted Real Madrid lineup vs Real Sociedad as Ancelotti sets up a new frontline -\" \/>\n<meta property=\"og:description\" content=\"Real Madrid is set to face Real Sociedad in the first leg of the Copa del Rey semifinal, and Carlo Ancelotti has decided to rotate his squad for this crucial fixture. With the demanding schedule ahead, some key players, including Kylian Mbapp\u00e9 and Federico Valverde, will be rested. Mbapp\u00e9, who has been dealing with discomfort [&hellip;]\" \/>\n<meta property=\"og:url\" content=\"https:\/\/stad10.com\/?p=34630\" \/>\n<meta property=\"article:published_time\" content=\"2025-02-26T14:54:45+00:00\" \/>\n<meta property=\"og:image\" content=\"https:\/\/stad10.com\/wp-content\/uploads\/2025\/02\/Screenshot_20250226_165200.jpg\" \/>\n\t<meta property=\"og:image:width\" content=\"1080\" \/>\n\t<meta property=\"og:image:height\" content=\"552\" \/>\n\t<meta property=\"og:image:type\" content=\"image\/jpeg\" \/>\n<meta name=\"author\" content=\"ahmedmansour\" \/>\n<meta name=\"twitter:card\" content=\"summary_large_image\" \/>\n<meta name=\"twitter:label1\" content=\"\u0643\u064f\u062a\u0628 \u0628\u0648\u0627\u0633\u0637\u0629\" \/>\n\t<meta name=\"twitter:data1\" content=\"ahmedmansour\" \/>\n\t<meta name=\"twitter:label2\" content=\"\u0648\u0642\u062a \u0627\u0644\u0642\u0631\u0627\u0621\u0629 \u0627\u0644\u0645\u064f\u0642\u062f\u0651\u0631\" \/>\n\t<meta name=\"twitter:data2\" content=\"4 \u062f\u0642\u0627\u0626\u0642\" \/>\n<script type=\"application\/ld+json\" class=\"yoast-schema-graph\">{\"@context\":\"https:\/\/schema.org\",\"@graph\":[{\"@type\":\"WebPage\",\"@id\":\"https:\/\/stad10.com\/?p=34630\",\"url\":\"https:\/\/stad10.com\/?p=34630\",\"name\":\"4-3-3) vs (4-3-3) Valverde and Mbapp\u00e9 rested \u2013 Predicted Real Madrid lineup vs Real Sociedad as Ancelotti sets up a new frontline -\",\"isPartOf\":{\"@id\":\"https:\/\/stad10.com\/#website\"},\"datePublished\":\"2025-02-26T14:54:45+00:00\",\"dateModified\":\"2025-02-26T14:54:45+00:00\",\"author\":{\"@id\":\"https:\/\/stad10.com\/#\/schema\/person\/cdfbc272a6ec86059f0727cc523eeb1b\"},\"breadcrumb\":{\"@id\":\"https:\/\/stad10.com\/?p=34630#breadcrumb\"},\"inLanguage\":\"ar\",\"potentialAction\":[{\"@type\":\"ReadAction\",\"target\":[\"https:\/\/stad10.com\/?p=34630\"]}]},{\"@type\":\"BreadcrumbList\",\"@id\":\"https:\/\/stad10.com\/?p=34630#breadcrumb\",\"itemListElement\":[{\"@type\":\"ListItem\",\"position\":1,\"name\":\"Home\",\"item\":\"https:\/\/stad10.com\/\"},{\"@type\":\"ListItem\",\"position\":2,\"name\":\"4-3-3) vs (4-3-3) Valverde and Mbapp\u00e9 rested \u2013 Predicted Real Madrid lineup vs Real Sociedad as Ancelotti sets up a new frontline\"}]},{\"@type\":\"WebSite\",\"@id\":\"https:\/\/stad10.com\/#website\",\"url\":\"https:\/\/stad10.com\/\",\"name\":\"\",\"description\":\"\",\"potentialAction\":[{\"@type\":\"SearchAction\",\"target\":{\"@type\":\"EntryPoint\",\"urlTemplate\":\"https:\/\/stad10.com\/?s={search_term_string}\"},\"query-input\":\"required name=search_term_string\"}],\"inLanguage\":\"ar\"},{\"@type\":\"Person\",\"@id\":\"https:\/\/stad10.com\/#\/schema\/person\/cdfbc272a6ec86059f0727cc523eeb1b\",\"name\":\"ahmedmansour\",\"image\":{\"@type\":\"ImageObject\",\"inLanguage\":\"ar\",\"@id\":\"https:\/\/stad10.com\/#\/schema\/person\/image\/\",\"url\":\"https:\/\/secure.gravatar.com\/avatar\/55a414ad7432600d48f7a74b93041be2?s=96&d=mm&r=g\",\"contentUrl\":\"https:\/\/secure.gravatar.com\/avatar\/55a414ad7432600d48f7a74b93041be2?s=96&d=mm&r=g\",\"caption\":\"ahmedmansour\"},\"url\":\"https:\/\/stad10.com\/?author=17\"}]}<\/script>\n<!-- \/ Yoast SEO plugin. -->","yoast_head_json":{"title":"4-3-3) vs (4-3-3) Valverde and Mbapp\u00e9 rested \u2013 Predicted Real Madrid lineup vs Real Sociedad as Ancelotti sets up a new frontline -","robots":{"index":"index","follow":"follow","max-snippet":"max-snippet:-1","max-image-preview":"max-image-preview:large","max-video-preview":"max-video-preview:-1"},"canonical":"https:\/\/stad10.com\/?p=34630","og_locale":"ar_AR","og_type":"article","og_title":"4-3-3) vs (4-3-3) Valverde and Mbapp\u00e9 rested \u2013 Predicted Real Madrid lineup vs Real Sociedad as Ancelotti sets up a new frontline -","og_description":"Real Madrid is set to face Real Sociedad in the first leg of the Copa del Rey semifinal, and Carlo Ancelotti has decided to rotate his squad for this crucial fixture. With the demanding schedule ahead, some key players, including Kylian Mbapp\u00e9 and Federico Valverde, will be rested. Mbapp\u00e9, who has been dealing with discomfort [&hellip;]","og_url":"https:\/\/stad10.com\/?p=34630","article_published_time":"2025-02-26T14:54:45+00:00","og_image":[{"width":1080,"height":552,"url":"https:\/\/stad10.com\/wp-content\/uploads\/2025\/02\/Screenshot_20250226_165200.jpg","type":"image\/jpeg"}],"author":"ahmedmansour","twitter_card":"summary_large_image","twitter_misc":{"\u0643\u064f\u062a\u0628 \u0628\u0648\u0627\u0633\u0637\u0629":"ahmedmansour","\u0648\u0642\u062a \u0627\u0644\u0642\u0631\u0627\u0621\u0629 \u0627\u0644\u0645\u064f\u0642\u062f\u0651\u0631":"4 \u062f\u0642\u0627\u0626\u0642"},"schema":{"@context":"https:\/\/schema.org","@graph":[{"@type":"WebPage","@id":"https:\/\/stad10.com\/?p=34630","url":"https:\/\/stad10.com\/?p=34630","name":"4-3-3) vs (4-3-3) Valverde and Mbapp\u00e9 rested \u2013 Predicted Real Madrid lineup vs Real Sociedad as Ancelotti sets up a new frontline -","isPartOf":{"@id":"https:\/\/stad10.com\/#website"},"datePublished":"2025-02-26T14:54:45+00:00","dateModified":"2025-02-26T14:54:45+00:00","author":{"@id":"https:\/\/stad10.com\/#\/schema\/person\/cdfbc272a6ec86059f0727cc523eeb1b"},"breadcrumb":{"@id":"https:\/\/stad10.com\/?p=34630#breadcrumb"},"inLanguage":"ar","potentialAction":[{"@type":"ReadAction","target":["https:\/\/stad10.com\/?p=34630"]}]},{"@type":"BreadcrumbList","@id":"https:\/\/stad10.com\/?p=34630#breadcrumb","itemListElement":[{"@type":"ListItem","position":1,"name":"Home","item":"https:\/\/stad10.com\/"},{"@type":"ListItem","position":2,"name":"4-3-3) vs (4-3-3) Valverde and Mbapp\u00e9 rested \u2013 Predicted Real Madrid lineup vs Real Sociedad as Ancelotti sets up a new frontline"}]},{"@type":"WebSite","@id":"https:\/\/stad10.com\/#website","url":"https:\/\/stad10.com\/","name":"","description":"","potentialAction":[{"@type":"SearchAction","target":{"@type":"EntryPoint","urlTemplate":"https:\/\/stad10.com\/?s={search_term_string}"},"query-input":"required name=search_term_string"}],"inLanguage":"ar"},{"@type":"Person","@id":"https:\/\/stad10.com\/#\/schema\/person\/cdfbc272a6ec86059f0727cc523eeb1b","name":"ahmedmansour","image":{"@type":"ImageObject","inLanguage":"ar","@id":"https:\/\/stad10.com\/#\/schema\/person\/image\/","url":"https:\/\/secure.gravatar.com\/avatar\/55a414ad7432600d48f7a74b93041be2?s=96&d=mm&r=g","contentUrl":"https:\/\/secure.gravatar.com\/avatar\/55a414ad7432600d48f7a74b93041be2?s=96&d=mm&r=g","caption":"ahmedmansour"},"url":"https:\/\/stad10.com\/?author=17"}]}},"_links":{"self":[{"href":"https:\/\/stad10.com\/index.php?rest_route=\/wp\/v2\/posts\/34630"}],"collection":[{"href":"https:\/\/stad10.com\/index.php?rest_route=\/wp\/v2\/posts"}],"about":[{"href":"https:\/\/stad10.com\/index.php?rest_route=\/wp\/v2\/types\/post"}],"author":[{"embeddable":true,"href":"https:\/\/stad10.com\/index.php?rest_route=\/wp\/v2\/users\/17"}],"replies":[{"embeddable":true,"href":"https:\/\/stad10.com\/index.php?rest_route=%2Fwp%2Fv2%2Fcomments&post=34630"}],"version-history":[{"count":1,"href":"https:\/\/stad10.com\/index.php?rest_route=\/wp\/v2\/posts\/34630\/revisions"}],"predecessor-version":[{"id":34632,"href":"https:\/\/stad10.com\/index.php?rest_route=\/wp\/v2\/posts\/34630\/revisions\/34632"}],"wp:featuredmedia":[{"embeddable":true,"href":"https:\/\/stad10.com\/index.php?rest_route=\/wp\/v2\/media\/34631"}],"wp:attachment":[{"href":"https:\/\/stad10.com\/index.php?rest_route=%2Fwp%2Fv2%2Fmedia&parent=34630"}],"wp:term":[{"taxonomy":"category","embeddable":true,"href":"https:\/\/stad10.com\/index.php?rest_route=%2Fwp%2Fv2%2Fcategories&post=34630"},{"taxonomy":"post_tag","embeddable":true,"href":"https:\/\/stad10.com\/index.php?rest_route=%2Fwp%2Fv2%2Ftags&post=34630"}],"curies":[{"name":"wp","href":"https:\/\/api.w.org\/{rel}","templated":true}]}}