{"id":34699,"date":"2025-02-27T21:15:13","date_gmt":"2025-02-27T19:15:13","guid":{"rendered":"https:\/\/stad10.com\/?p=34699"},"modified":"2025-02-27T21:15:13","modified_gmt":"2025-02-27T19:15:13","slug":"racism-strikes-again-vinicius-jr-targeted-during-real-madrids-copa-del-rey-clash-against-real-sociedad","status":"publish","type":"post","link":"https:\/\/stad10.com\/?p=34699","title":{"rendered":"Racism Strikes Again: Vinicius Jr. Targeted During Real Madrid\u2019s Copa del Rey Clash Against Real Sociedad"},"content":{"rendered":"<p>The first leg of the Copa del Rey semi-final between Real Sociedad and Real Madrid was marred by yet another disturbing incident, highlighting the ongoing issue of racism in Spanish football.<\/p>\n<p>Real Madrid\u2019s Brazilian forward, Vinicius Jr., was subjected to racist insults from sections of the opposition fans. This incident underscores the persistence of discriminatory behavior in stadiums, despite ongoing efforts to eradicate it.<\/p>\n<p>Match Stopped Due to Offensive Chants<br \/>\nShortly before halftime, referee Jos\u00e9 Mar\u00eda S\u00e1nchez Mart\u00ednez briefly halted the match after hearing hateful chants from the stands. Among them were chants of \u201cAsencio, die\u201d directed at Ra\u00fal Asencio, a Real Madrid player. This intervention aimed to remind supporters of the consequences of such behavior and reinforce Spanish football\u2019s commitment to fighting racism and hate. (Cadenaser.com)<\/p>\n<p>Vinicius Jr. Victimized Again<br \/>\nUnfortunately, Vinicius Jr. was also targeted. Footage captured by cameras showed a Real Sociedad fan making monkey gestures towards him\u2014an overtly racist act that has no place in football. Although the referee did not witness the gesture directly, the footage has sparked widespread outrage. (Cadenaser.com)<\/p>\n<p>This is not the first time Vinicius Jr. has faced such behavior in Spain. Earlier this season, he was subjected to racist abuse during a match against Osasuna, raising concerns about the effectiveness of the measures in place to combat racism in Spanish football. (LejournalduReal.fr)<\/p>\n<p>Ancelotti and Oyarzabal Speak Out<br \/>\nReal Madrid head coach Carlo Ancelotti voiced strong condemnation of these incidents, expressing his full support for his players. He emphasized the need for stricter measures to eliminate racism from stadiums and protect players from such abuse. Ancelotti also praised the referee\u2019s decision to pause the match, stating that such actions are necessary to raise awareness and deter hateful behavior. (TalkSport.com)<\/p>\n<p>Real Sociedad captain Mikel Oyarzabal also addressed the issue, condemning the offensive chants from sections of the crowd. He insisted that such behavior has no place in football and called for appropriate sanctions against those responsible. Oyarzabal further stressed the importance of education and awareness in preventing future incidents. (Cadenaser.com)<\/p>\n<p>La Liga and Spanish FA\u2019s Response<br \/>\nLa Liga and the Spanish Football Federation have reiterated their commitment to combating racism. Strict protocols are in place to address such incidents, including warnings to supporters and the possibility of match suspensions or cancellations in case of repeat offenses. However, the effectiveness of these measuresis often questioned given the recurring nature of such incidents.<\/p>\n<p>Football fans play a crucial role in eradicating racism. It is essential that they recognize the impact of their actions and maintain respectful behavior towards all players, regardless of their background or skin color.<\/p>\n<p>The Role of the Media<br \/>\nThe media also plays a vital role in the fight against racism. By highlighting these incidents and condemning discriminatory behavior, they help raise public awareness and push for change. However, responsible coverage is necessary to avoid further stigmatizing the victims while promoting constructive solutions.<\/p>\n<p>Vinicius Jr.\u2019s Resilience<br \/>\nDespite facing repeated abuse, Vinicius Jr. continues to demonstrate remarkable resilience on the pitch. His commitment and professionalism serve as an example to many, and it is crucial that the football community actively supports him in the fight against racism.<\/p>\n<p>The Need for Stronger Sanctions<br \/>\nFootball\u2019s governing bodies, both at the national and international levels, must step up their efforts to enforce stricter sanctions against racist acts. This could include substantial fines, stadium bans for offending supporters, and disciplinary actions against clubs whose fans engage in such behavior.<\/p>\n<p>Education: A Key to Change<br \/>\nEducation is a powerful tool in the fight against racism. Awareness programs aimed at teaching young fans about the dangers and consequences of racism can help change mindsets and promote a culture of respect and inclusion in football.<\/p>\n<p>Additionally, clubs must ensure that players who are victims of racism receive adequate psychological support. Providing proper structures to help them cope with the trauma of such incidents is essential for their mental and emotional well-being.<\/p>\n<p>A Collective Effort is Needed<br \/>\nUltimately, tackling racism in football requires collaboration from all stakeholders\u2014players, clubs, federations, fans, and the media. By working together, football can become a truly inclusive sport where everyone is respected and valued.<\/p>\n<p>The incident involving Vinicius Jr. during the match against Real Sociedad serves as a stark reminder of the work still needed to eliminate racism from the game. It is the responsibility of everyone involved in football to take concrete action to combat this issue and ensure that the sport remains a universal celebration, free from discrimination.<\/p>\n","protected":false},"excerpt":{"rendered":"<p>The first leg of the Copa del Rey semi-final between Real Sociedad and Real Madrid was marred by yet another disturbing incident, highlighting the ongoing issue of racism in Spanish football. Real Madrid\u2019s Brazilian forward, Vinicius Jr., was subjected to racist insults from sections of the opposition fans. This incident underscores the persistence of discriminatory [&hellip;]<\/p>\n","protected":false},"author":17,"featured_media":34700,"comment_status":"open","ping_status":"open","sticky":false,"template":"","format":"standard","meta":{"site-sidebar-layout":"default","site-content-layout":"","ast-site-content-layout":"","site-content-style":"default","site-sidebar-style":"default","ast-global-header-display":"","ast-banner-title-visibility":"","ast-main-header-display":"","ast-hfb-above-header-display":"","ast-hfb-below-header-display":"","ast-hfb-mobile-header-display":"","site-post-title":"","ast-breadcrumbs-content":"","ast-featured-img":"","footer-sml-layout":"","theme-transparent-header-meta":"","adv-header-id-meta":"","stick-header-meta":"","header-above-stick-meta":"","header-main-stick-meta":"","header-below-stick-meta":"","astra-migrate-meta-layouts":"default","ast-page-background-enabled":"default","ast-page-background-meta":{"desktop":{"background-color":"var(--ast-global-color-4)","background-image":"","background-repeat":"repeat","background-position":"center center","background-size":"auto","background-attachment":"scroll","background-type":"","background-media":"","overlay-type":"","overlay-color":"","overlay-opacity":"","overlay-gradient":""},"tablet":{"background-color":"","background-image":"","background-repeat":"repeat","background-position":"center center","background-size":"auto","background-attachment":"scroll","background-type":"","background-media":"","overlay-type":"","overlay-color":"","overlay-opacity":"","overlay-gradient":""},"mobile":{"background-color":"","background-image":"","background-repeat":"repeat","background-position":"center center","background-size":"auto","background-attachment":"scroll","background-type":"","background-media":"","overlay-type":"","overlay-color":"","overlay-opacity":"","overlay-gradient":""}},"ast-content-background-meta":{"desktop":{"background-color":"var(--ast-global-color-5)","background-image":"","background-repeat":"repeat","background-position":"center center","background-size":"auto","background-attachment":"scroll","background-type":"","background-media":"","overlay-type":"","overlay-color":"","overlay-opacity":"","overlay-gradient":""},"tablet":{"background-color":"var(--ast-global-color-5)","background-image":"","background-repeat":"repeat","background-position":"center center","background-size":"auto","background-attachment":"scroll","background-type":"","background-media":"","overlay-type":"","overlay-color":"","overlay-opacity":"","overlay-gradient":""},"mobile":{"background-color":"var(--ast-global-color-5)","background-image":"","background-repeat":"repeat","background-position":"center center","background-size":"auto","background-attachment":"scroll","background-type":"","background-media":"","overlay-type":"","overlay-color":"","overlay-opacity":"","overlay-gradient":""}},"footnotes":""},"categories":[30],"tags":[],"acf":[],"yoast_head":"<!-- This site is optimized with the Yoast SEO plugin v20.7 - https:\/\/yoast.com\/wordpress\/plugins\/seo\/ -->\n<title>Racism Strikes Again: Vinicius Jr. Targeted During Real Madrid\u2019s Copa del Rey Clash Against Real Sociedad -<\/title>\n<meta name=\"robots\" content=\"index, follow, max-snippet:-1, max-image-preview:large, max-video-preview:-1\" \/>\n<link rel=\"canonical\" href=\"https:\/\/stad10.com\/?p=34699\" \/>\n<meta property=\"og:locale\" content=\"ar_AR\" \/>\n<meta property=\"og:type\" content=\"article\" \/>\n<meta property=\"og:title\" content=\"Racism Strikes Again: Vinicius Jr. Targeted During Real Madrid\u2019s Copa del Rey Clash Against Real Sociedad -\" \/>\n<meta property=\"og:description\" content=\"The first leg of the Copa del Rey semi-final between Real Sociedad and Real Madrid was marred by yet another disturbing incident, highlighting the ongoing issue of racism in Spanish football. Real Madrid\u2019s Brazilian forward, Vinicius Jr., was subjected to racist insults from sections of the opposition fans. This incident underscores the persistence of discriminatory [&hellip;]\" \/>\n<meta property=\"og:url\" content=\"https:\/\/stad10.com\/?p=34699\" \/>\n<meta property=\"article:published_time\" content=\"2025-02-27T19:15:13+00:00\" \/>\n<meta property=\"og:image\" content=\"https:\/\/stad10.com\/wp-content\/uploads\/2025\/02\/Screenshot_20250227_211257.jpg\" \/>\n\t<meta property=\"og:image:width\" content=\"845\" \/>\n\t<meta property=\"og:image:height\" content=\"415\" \/>\n\t<meta property=\"og:image:type\" content=\"image\/jpeg\" \/>\n<meta name=\"author\" content=\"ahmedmansour\" \/>\n<meta name=\"twitter:card\" content=\"summary_large_image\" \/>\n<meta name=\"twitter:label1\" content=\"\u0643\u064f\u062a\u0628 \u0628\u0648\u0627\u0633\u0637\u0629\" \/>\n\t<meta name=\"twitter:data1\" content=\"ahmedmansour\" \/>\n\t<meta name=\"twitter:label2\" content=\"\u0648\u0642\u062a \u0627\u0644\u0642\u0631\u0627\u0621\u0629 \u0627\u0644\u0645\u064f\u0642\u062f\u0651\u0631\" \/>\n\t<meta name=\"twitter:data2\" content=\"4 \u062f\u0642\u0627\u0626\u0642\" \/>\n<script type=\"application\/ld+json\" class=\"yoast-schema-graph\">{\"@context\":\"https:\/\/schema.org\",\"@graph\":[{\"@type\":\"WebPage\",\"@id\":\"https:\/\/stad10.com\/?p=34699\",\"url\":\"https:\/\/stad10.com\/?p=34699\",\"name\":\"Racism Strikes Again: Vinicius Jr. Targeted During Real Madrid\u2019s Copa del Rey Clash Against Real Sociedad -\",\"isPartOf\":{\"@id\":\"https:\/\/stad10.com\/#website\"},\"datePublished\":\"2025-02-27T19:15:13+00:00\",\"dateModified\":\"2025-02-27T19:15:13+00:00\",\"author\":{\"@id\":\"https:\/\/stad10.com\/#\/schema\/person\/cdfbc272a6ec86059f0727cc523eeb1b\"},\"breadcrumb\":{\"@id\":\"https:\/\/stad10.com\/?p=34699#breadcrumb\"},\"inLanguage\":\"ar\",\"potentialAction\":[{\"@type\":\"ReadAction\",\"target\":[\"https:\/\/stad10.com\/?p=34699\"]}]},{\"@type\":\"BreadcrumbList\",\"@id\":\"https:\/\/stad10.com\/?p=34699#breadcrumb\",\"itemListElement\":[{\"@type\":\"ListItem\",\"position\":1,\"name\":\"Home\",\"item\":\"https:\/\/stad10.com\/\"},{\"@type\":\"ListItem\",\"position\":2,\"name\":\"Racism Strikes Again: Vinicius Jr. Targeted During Real Madrid\u2019s Copa del Rey Clash Against Real Sociedad\"}]},{\"@type\":\"WebSite\",\"@id\":\"https:\/\/stad10.com\/#website\",\"url\":\"https:\/\/stad10.com\/\",\"name\":\"\",\"description\":\"\",\"potentialAction\":[{\"@type\":\"SearchAction\",\"target\":{\"@type\":\"EntryPoint\",\"urlTemplate\":\"https:\/\/stad10.com\/?s={search_term_string}\"},\"query-input\":\"required name=search_term_string\"}],\"inLanguage\":\"ar\"},{\"@type\":\"Person\",\"@id\":\"https:\/\/stad10.com\/#\/schema\/person\/cdfbc272a6ec86059f0727cc523eeb1b\",\"name\":\"ahmedmansour\",\"image\":{\"@type\":\"ImageObject\",\"inLanguage\":\"ar\",\"@id\":\"https:\/\/stad10.com\/#\/schema\/person\/image\/\",\"url\":\"https:\/\/secure.gravatar.com\/avatar\/55a414ad7432600d48f7a74b93041be2?s=96&d=mm&r=g\",\"contentUrl\":\"https:\/\/secure.gravatar.com\/avatar\/55a414ad7432600d48f7a74b93041be2?s=96&d=mm&r=g\",\"caption\":\"ahmedmansour\"},\"url\":\"https:\/\/stad10.com\/?author=17\"}]}<\/script>\n<!-- \/ Yoast SEO plugin. -->","yoast_head_json":{"title":"Racism Strikes Again: Vinicius Jr. Targeted During Real Madrid\u2019s Copa del Rey Clash Against Real Sociedad -","robots":{"index":"index","follow":"follow","max-snippet":"max-snippet:-1","max-image-preview":"max-image-preview:large","max-video-preview":"max-video-preview:-1"},"canonical":"https:\/\/stad10.com\/?p=34699","og_locale":"ar_AR","og_type":"article","og_title":"Racism Strikes Again: Vinicius Jr. Targeted During Real Madrid\u2019s Copa del Rey Clash Against Real Sociedad -","og_description":"The first leg of the Copa del Rey semi-final between Real Sociedad and Real Madrid was marred by yet another disturbing incident, highlighting the ongoing issue of racism in Spanish football. Real Madrid\u2019s Brazilian forward, Vinicius Jr., was subjected to racist insults from sections of the opposition fans. This incident underscores the persistence of discriminatory [&hellip;]","og_url":"https:\/\/stad10.com\/?p=34699","article_published_time":"2025-02-27T19:15:13+00:00","og_image":[{"width":845,"height":415,"url":"https:\/\/stad10.com\/wp-content\/uploads\/2025\/02\/Screenshot_20250227_211257.jpg","type":"image\/jpeg"}],"author":"ahmedmansour","twitter_card":"summary_large_image","twitter_misc":{"\u0643\u064f\u062a\u0628 \u0628\u0648\u0627\u0633\u0637\u0629":"ahmedmansour","\u0648\u0642\u062a \u0627\u0644\u0642\u0631\u0627\u0621\u0629 \u0627\u0644\u0645\u064f\u0642\u062f\u0651\u0631":"4 \u062f\u0642\u0627\u0626\u0642"},"schema":{"@context":"https:\/\/schema.org","@graph":[{"@type":"WebPage","@id":"https:\/\/stad10.com\/?p=34699","url":"https:\/\/stad10.com\/?p=34699","name":"Racism Strikes Again: Vinicius Jr. Targeted During Real Madrid\u2019s Copa del Rey Clash Against Real Sociedad -","isPartOf":{"@id":"https:\/\/stad10.com\/#website"},"datePublished":"2025-02-27T19:15:13+00:00","dateModified":"2025-02-27T19:15:13+00:00","author":{"@id":"https:\/\/stad10.com\/#\/schema\/person\/cdfbc272a6ec86059f0727cc523eeb1b"},"breadcrumb":{"@id":"https:\/\/stad10.com\/?p=34699#breadcrumb"},"inLanguage":"ar","potentialAction":[{"@type":"ReadAction","target":["https:\/\/stad10.com\/?p=34699"]}]},{"@type":"BreadcrumbList","@id":"https:\/\/stad10.com\/?p=34699#breadcrumb","itemListElement":[{"@type":"ListItem","position":1,"name":"Home","item":"https:\/\/stad10.com\/"},{"@type":"ListItem","position":2,"name":"Racism Strikes Again: Vinicius Jr. Targeted During Real Madrid\u2019s Copa del Rey Clash Against Real Sociedad"}]},{"@type":"WebSite","@id":"https:\/\/stad10.com\/#website","url":"https:\/\/stad10.com\/","name":"","description":"","potentialAction":[{"@type":"SearchAction","target":{"@type":"EntryPoint","urlTemplate":"https:\/\/stad10.com\/?s={search_term_string}"},"query-input":"required name=search_term_string"}],"inLanguage":"ar"},{"@type":"Person","@id":"https:\/\/stad10.com\/#\/schema\/person\/cdfbc272a6ec86059f0727cc523eeb1b","name":"ahmedmansour","image":{"@type":"ImageObject","inLanguage":"ar","@id":"https:\/\/stad10.com\/#\/schema\/person\/image\/","url":"https:\/\/secure.gravatar.com\/avatar\/55a414ad7432600d48f7a74b93041be2?s=96&d=mm&r=g","contentUrl":"https:\/\/secure.gravatar.com\/avatar\/55a414ad7432600d48f7a74b93041be2?s=96&d=mm&r=g","caption":"ahmedmansour"},"url":"https:\/\/stad10.com\/?author=17"}]}},"_links":{"self":[{"href":"https:\/\/stad10.com\/index.php?rest_route=\/wp\/v2\/posts\/34699"}],"collection":[{"href":"https:\/\/stad10.com\/index.php?rest_route=\/wp\/v2\/posts"}],"about":[{"href":"https:\/\/stad10.com\/index.php?rest_route=\/wp\/v2\/types\/post"}],"author":[{"embeddable":true,"href":"https:\/\/stad10.com\/index.php?rest_route=\/wp\/v2\/users\/17"}],"replies":[{"embeddable":true,"href":"https:\/\/stad10.com\/index.php?rest_route=%2Fwp%2Fv2%2Fcomments&post=34699"}],"version-history":[{"count":1,"href":"https:\/\/stad10.com\/index.php?rest_route=\/wp\/v2\/posts\/34699\/revisions"}],"predecessor-version":[{"id":34701,"href":"https:\/\/stad10.com\/index.php?rest_route=\/wp\/v2\/posts\/34699\/revisions\/34701"}],"wp:featuredmedia":[{"embeddable":true,"href":"https:\/\/stad10.com\/index.php?rest_route=\/wp\/v2\/media\/34700"}],"wp:attachment":[{"href":"https:\/\/stad10.com\/index.php?rest_route=%2Fwp%2Fv2%2Fmedia&parent=34699"}],"wp:term":[{"taxonomy":"category","embeddable":true,"href":"https:\/\/stad10.com\/index.php?rest_route=%2Fwp%2Fv2%2Fcategories&post=34699"},{"taxonomy":"post_tag","embeddable":true,"href":"https:\/\/stad10.com\/index.php?rest_route=%2Fwp%2Fv2%2Ftags&post=34699"}],"curies":[{"name":"wp","href":"https:\/\/api.w.org\/{rel}","templated":true}]}}