{"id":34723,"date":"2025-02-28T13:13:06","date_gmt":"2025-02-28T11:13:06","guid":{"rendered":"https:\/\/stad10.com\/?p=34723"},"modified":"2025-02-28T13:13:06","modified_gmt":"2025-02-28T11:13:06","slug":"arda-guler-regrets-his-decision-barcelona-eyes-possible-move-amidst-madrid-frustration","status":"publish","type":"post","link":"https:\/\/stad10.com\/?p=34723","title":{"rendered":"Arda G\u00fcler Regrets His Decision? Barcelona Eyes Possible Move Amidst Madrid Frustration"},"content":{"rendered":"<p>Arda G\u00fcler Linked to Barcelona Amid Real Madrid Uncertainty<br \/>\nArda G\u00fcler\u2019s name is once again being associated with FC Barcelona, as reports suggest the young Turkish talent is reconsidering his decision to join Real Madrid instead of the Catalan club two summers ago.<\/p>\n<p>G\u00fcler\u2019s Struggles at Real Madrid<br \/>\nBarcelona were keen on signing G\u00fcler in 2023, but Madrid moved quicker to secure his signature. However, his debut season under Carlo Ancelotti has been challenging:<\/p>\n<p>Persistent injuries disrupted his early months at the club.<br \/>\nEven after recovering, he has received limited playing time.<br \/>\nThe potential arrival of Kylian Mbapp\u00e9 next season could further reduce his opportunities.<br \/>\nMeanwhile, young stars at Barcelona, such as Lamine Yamal, Ferm\u00edn L\u00f3pez, and Pau Cubars\u00ed, have already become key figures under Hansi Flick.<br \/>\nFlick\u2019s Interest and Barcelona\u2019s Renewed Pursuit<br \/>\nWith Hansi Flick set to take charge at Barcelona, reports indicate that he values G\u00fcler highly and envisions him rotating with Lamine Yamal and Raphinha on the right flank.<\/p>\n<p>Additionally, Barcelona sporting director Deco, who previously pushed for G\u00fcler\u2019s signing, still maintains strong ties with the player\u2019s camp\u2014something that could aid negotiations.<\/p>\n<p>A Difficult but Not Impossible Transfer<br \/>\nA move to Barcelona would be complicated due to several factors:<\/p>\n<p>G\u00fcler has a \u20ac1 billion release clause, making a direct transfer nearly impossible.<br \/>\nReal Madrid president Florentino P\u00e9rez is unlikely to approve a sale to Barcelona.<br \/>\nPotential alternatives include:<\/p>\n<p>A loan move, though Madrid would only consider this if they no longer see a future for him.<br \/>\nA transfer to a third club, with Liverpool rumored to be interested as they search for a long-term replacement for Mohamed Salah.<br \/>\nCould G\u00fcler Force an Exit?<br \/>\nTensions between G\u00fcler\u2019s camp and Ancelotti could influence his future. Reports suggest that Ancelotti is frustrated with pressure from G\u00fcler\u2019s entourage for more playing time, believing he has yet to earn a bigger role.<\/p>\n<p>If Ancelotti remains Madrid\u2019s coach next season, G\u00fcler may push for an exit.<br \/>\nBarcelona\u2019s Strategy: Stay Prepared<br \/>\nWith Barcelona expected to offload players to improve their financial situation, Joan Laporta and Deco are keeping a close eye on G\u00fcler\u2019s situation.<\/p>\n<p>While a direct transfer this summer seems unlikely, Barcelona could adopta long-term strategy to eventually bring G\u00fcler to Camp Nou\u2014especially if his struggles at Madrid continue.<\/p>\n","protected":false},"excerpt":{"rendered":"<p>Arda G\u00fcler Linked to Barcelona Amid Real Madrid Uncertainty Arda G\u00fcler\u2019s name is once again being associated with FC Barcelona, as reports suggest the young Turkish talent is reconsidering his decision to join Real Madrid instead of the Catalan club two summers ago. G\u00fcler\u2019s Struggles at Real Madrid Barcelona were keen on signing G\u00fcler in [&hellip;]<\/p>\n","protected":false},"author":17,"featured_media":34724,"comment_status":"open","ping_status":"open","sticky":false,"template":"","format":"standard","meta":{"site-sidebar-layout":"default","site-content-layout":"","ast-site-content-layout":"","site-content-style":"default","site-sidebar-style":"default","ast-global-header-display":"","ast-banner-title-visibility":"","ast-main-header-display":"","ast-hfb-above-header-display":"","ast-hfb-below-header-display":"","ast-hfb-mobile-header-display":"","site-post-title":"","ast-breadcrumbs-content":"","ast-featured-img":"","footer-sml-layout":"","theme-transparent-header-meta":"","adv-header-id-meta":"","stick-header-meta":"","header-above-stick-meta":"","header-main-stick-meta":"","header-below-stick-meta":"","astra-migrate-meta-layouts":"default","ast-page-background-enabled":"default","ast-page-background-meta":{"desktop":{"background-color":"var(--ast-global-color-4)","background-image":"","background-repeat":"repeat","background-position":"center center","background-size":"auto","background-attachment":"scroll","background-type":"","background-media":"","overlay-type":"","overlay-color":"","overlay-opacity":"","overlay-gradient":""},"tablet":{"background-color":"","background-image":"","background-repeat":"repeat","background-position":"center center","background-size":"auto","background-attachment":"scroll","background-type":"","background-media":"","overlay-type":"","overlay-color":"","overlay-opacity":"","overlay-gradient":""},"mobile":{"background-color":"","background-image":"","background-repeat":"repeat","background-position":"center center","background-size":"auto","background-attachment":"scroll","background-type":"","background-media":"","overlay-type":"","overlay-color":"","overlay-opacity":"","overlay-gradient":""}},"ast-content-background-meta":{"desktop":{"background-color":"var(--ast-global-color-5)","background-image":"","background-repeat":"repeat","background-position":"center center","background-size":"auto","background-attachment":"scroll","background-type":"","background-media":"","overlay-type":"","overlay-color":"","overlay-opacity":"","overlay-gradient":""},"tablet":{"background-color":"var(--ast-global-color-5)","background-image":"","background-repeat":"repeat","background-position":"center center","background-size":"auto","background-attachment":"scroll","background-type":"","background-media":"","overlay-type":"","overlay-color":"","overlay-opacity":"","overlay-gradient":""},"mobile":{"background-color":"var(--ast-global-color-5)","background-image":"","background-repeat":"repeat","background-position":"center center","background-size":"auto","background-attachment":"scroll","background-type":"","background-media":"","overlay-type":"","overlay-color":"","overlay-opacity":"","overlay-gradient":""}},"footnotes":""},"categories":[30],"tags":[],"acf":[],"yoast_head":"<!-- This site is optimized with the Yoast SEO plugin v20.7 - https:\/\/yoast.com\/wordpress\/plugins\/seo\/ -->\n<title>Arda G\u00fcler Regrets His Decision? Barcelona Eyes Possible Move Amidst Madrid Frustration -<\/title>\n<meta name=\"robots\" content=\"index, follow, max-snippet:-1, max-image-preview:large, max-video-preview:-1\" \/>\n<link rel=\"canonical\" href=\"https:\/\/stad10.com\/?p=34723\" \/>\n<meta property=\"og:locale\" content=\"ar_AR\" \/>\n<meta property=\"og:type\" content=\"article\" \/>\n<meta property=\"og:title\" content=\"Arda G\u00fcler Regrets His Decision? Barcelona Eyes Possible Move Amidst Madrid Frustration -\" \/>\n<meta property=\"og:description\" content=\"Arda G\u00fcler Linked to Barcelona Amid Real Madrid Uncertainty Arda G\u00fcler\u2019s name is once again being associated with FC Barcelona, as reports suggest the young Turkish talent is reconsidering his decision to join Real Madrid instead of the Catalan club two summers ago. G\u00fcler\u2019s Struggles at Real Madrid Barcelona were keen on signing G\u00fcler in [&hellip;]\" \/>\n<meta property=\"og:url\" content=\"https:\/\/stad10.com\/?p=34723\" \/>\n<meta property=\"article:published_time\" content=\"2025-02-28T11:13:06+00:00\" \/>\n<meta property=\"og:image\" content=\"https:\/\/stad10.com\/wp-content\/uploads\/2025\/02\/Screenshot_20250228_131111.jpg\" \/>\n\t<meta property=\"og:image:width\" content=\"874\" \/>\n\t<meta property=\"og:image:height\" content=\"578\" \/>\n\t<meta property=\"og:image:type\" content=\"image\/jpeg\" \/>\n<meta name=\"author\" content=\"ahmedmansour\" \/>\n<meta name=\"twitter:card\" content=\"summary_large_image\" \/>\n<meta name=\"twitter:label1\" content=\"\u0643\u064f\u062a\u0628 \u0628\u0648\u0627\u0633\u0637\u0629\" \/>\n\t<meta name=\"twitter:data1\" content=\"ahmedmansour\" \/>\n\t<meta name=\"twitter:label2\" content=\"\u0648\u0642\u062a \u0627\u0644\u0642\u0631\u0627\u0621\u0629 \u0627\u0644\u0645\u064f\u0642\u062f\u0651\u0631\" \/>\n\t<meta name=\"twitter:data2\" content=\"\u062f\u0642\u064a\u0642\u062a\u0627\u0646\" \/>\n<script type=\"application\/ld+json\" class=\"yoast-schema-graph\">{\"@context\":\"https:\/\/schema.org\",\"@graph\":[{\"@type\":\"WebPage\",\"@id\":\"https:\/\/stad10.com\/?p=34723\",\"url\":\"https:\/\/stad10.com\/?p=34723\",\"name\":\"Arda G\u00fcler Regrets His Decision? Barcelona Eyes Possible Move Amidst Madrid Frustration -\",\"isPartOf\":{\"@id\":\"https:\/\/stad10.com\/#website\"},\"datePublished\":\"2025-02-28T11:13:06+00:00\",\"dateModified\":\"2025-02-28T11:13:06+00:00\",\"author\":{\"@id\":\"https:\/\/stad10.com\/#\/schema\/person\/cdfbc272a6ec86059f0727cc523eeb1b\"},\"breadcrumb\":{\"@id\":\"https:\/\/stad10.com\/?p=34723#breadcrumb\"},\"inLanguage\":\"ar\",\"potentialAction\":[{\"@type\":\"ReadAction\",\"target\":[\"https:\/\/stad10.com\/?p=34723\"]}]},{\"@type\":\"BreadcrumbList\",\"@id\":\"https:\/\/stad10.com\/?p=34723#breadcrumb\",\"itemListElement\":[{\"@type\":\"ListItem\",\"position\":1,\"name\":\"Home\",\"item\":\"https:\/\/stad10.com\/\"},{\"@type\":\"ListItem\",\"position\":2,\"name\":\"Arda G\u00fcler Regrets His Decision? Barcelona Eyes Possible Move Amidst Madrid Frustration\"}]},{\"@type\":\"WebSite\",\"@id\":\"https:\/\/stad10.com\/#website\",\"url\":\"https:\/\/stad10.com\/\",\"name\":\"\",\"description\":\"\",\"potentialAction\":[{\"@type\":\"SearchAction\",\"target\":{\"@type\":\"EntryPoint\",\"urlTemplate\":\"https:\/\/stad10.com\/?s={search_term_string}\"},\"query-input\":\"required name=search_term_string\"}],\"inLanguage\":\"ar\"},{\"@type\":\"Person\",\"@id\":\"https:\/\/stad10.com\/#\/schema\/person\/cdfbc272a6ec86059f0727cc523eeb1b\",\"name\":\"ahmedmansour\",\"image\":{\"@type\":\"ImageObject\",\"inLanguage\":\"ar\",\"@id\":\"https:\/\/stad10.com\/#\/schema\/person\/image\/\",\"url\":\"https:\/\/secure.gravatar.com\/avatar\/55a414ad7432600d48f7a74b93041be2?s=96&d=mm&r=g\",\"contentUrl\":\"https:\/\/secure.gravatar.com\/avatar\/55a414ad7432600d48f7a74b93041be2?s=96&d=mm&r=g\",\"caption\":\"ahmedmansour\"},\"url\":\"https:\/\/stad10.com\/?author=17\"}]}<\/script>\n<!-- \/ Yoast SEO plugin. -->","yoast_head_json":{"title":"Arda G\u00fcler Regrets His Decision? Barcelona Eyes Possible Move Amidst Madrid Frustration -","robots":{"index":"index","follow":"follow","max-snippet":"max-snippet:-1","max-image-preview":"max-image-preview:large","max-video-preview":"max-video-preview:-1"},"canonical":"https:\/\/stad10.com\/?p=34723","og_locale":"ar_AR","og_type":"article","og_title":"Arda G\u00fcler Regrets His Decision? Barcelona Eyes Possible Move Amidst Madrid Frustration -","og_description":"Arda G\u00fcler Linked to Barcelona Amid Real Madrid Uncertainty Arda G\u00fcler\u2019s name is once again being associated with FC Barcelona, as reports suggest the young Turkish talent is reconsidering his decision to join Real Madrid instead of the Catalan club two summers ago. G\u00fcler\u2019s Struggles at Real Madrid Barcelona were keen on signing G\u00fcler in [&hellip;]","og_url":"https:\/\/stad10.com\/?p=34723","article_published_time":"2025-02-28T11:13:06+00:00","og_image":[{"width":874,"height":578,"url":"https:\/\/stad10.com\/wp-content\/uploads\/2025\/02\/Screenshot_20250228_131111.jpg","type":"image\/jpeg"}],"author":"ahmedmansour","twitter_card":"summary_large_image","twitter_misc":{"\u0643\u064f\u062a\u0628 \u0628\u0648\u0627\u0633\u0637\u0629":"ahmedmansour","\u0648\u0642\u062a \u0627\u0644\u0642\u0631\u0627\u0621\u0629 \u0627\u0644\u0645\u064f\u0642\u062f\u0651\u0631":"\u062f\u0642\u064a\u0642\u062a\u0627\u0646"},"schema":{"@context":"https:\/\/schema.org","@graph":[{"@type":"WebPage","@id":"https:\/\/stad10.com\/?p=34723","url":"https:\/\/stad10.com\/?p=34723","name":"Arda G\u00fcler Regrets His Decision? Barcelona Eyes Possible Move Amidst Madrid Frustration -","isPartOf":{"@id":"https:\/\/stad10.com\/#website"},"datePublished":"2025-02-28T11:13:06+00:00","dateModified":"2025-02-28T11:13:06+00:00","author":{"@id":"https:\/\/stad10.com\/#\/schema\/person\/cdfbc272a6ec86059f0727cc523eeb1b"},"breadcrumb":{"@id":"https:\/\/stad10.com\/?p=34723#breadcrumb"},"inLanguage":"ar","potentialAction":[{"@type":"ReadAction","target":["https:\/\/stad10.com\/?p=34723"]}]},{"@type":"BreadcrumbList","@id":"https:\/\/stad10.com\/?p=34723#breadcrumb","itemListElement":[{"@type":"ListItem","position":1,"name":"Home","item":"https:\/\/stad10.com\/"},{"@type":"ListItem","position":2,"name":"Arda G\u00fcler Regrets His Decision? Barcelona Eyes Possible Move Amidst Madrid Frustration"}]},{"@type":"WebSite","@id":"https:\/\/stad10.com\/#website","url":"https:\/\/stad10.com\/","name":"","description":"","potentialAction":[{"@type":"SearchAction","target":{"@type":"EntryPoint","urlTemplate":"https:\/\/stad10.com\/?s={search_term_string}"},"query-input":"required name=search_term_string"}],"inLanguage":"ar"},{"@type":"Person","@id":"https:\/\/stad10.com\/#\/schema\/person\/cdfbc272a6ec86059f0727cc523eeb1b","name":"ahmedmansour","image":{"@type":"ImageObject","inLanguage":"ar","@id":"https:\/\/stad10.com\/#\/schema\/person\/image\/","url":"https:\/\/secure.gravatar.com\/avatar\/55a414ad7432600d48f7a74b93041be2?s=96&d=mm&r=g","contentUrl":"https:\/\/secure.gravatar.com\/avatar\/55a414ad7432600d48f7a74b93041be2?s=96&d=mm&r=g","caption":"ahmedmansour"},"url":"https:\/\/stad10.com\/?author=17"}]}},"_links":{"self":[{"href":"https:\/\/stad10.com\/index.php?rest_route=\/wp\/v2\/posts\/34723"}],"collection":[{"href":"https:\/\/stad10.com\/index.php?rest_route=\/wp\/v2\/posts"}],"about":[{"href":"https:\/\/stad10.com\/index.php?rest_route=\/wp\/v2\/types\/post"}],"author":[{"embeddable":true,"href":"https:\/\/stad10.com\/index.php?rest_route=\/wp\/v2\/users\/17"}],"replies":[{"embeddable":true,"href":"https:\/\/stad10.com\/index.php?rest_route=%2Fwp%2Fv2%2Fcomments&post=34723"}],"version-history":[{"count":1,"href":"https:\/\/stad10.com\/index.php?rest_route=\/wp\/v2\/posts\/34723\/revisions"}],"predecessor-version":[{"id":34725,"href":"https:\/\/stad10.com\/index.php?rest_route=\/wp\/v2\/posts\/34723\/revisions\/34725"}],"wp:featuredmedia":[{"embeddable":true,"href":"https:\/\/stad10.com\/index.php?rest_route=\/wp\/v2\/media\/34724"}],"wp:attachment":[{"href":"https:\/\/stad10.com\/index.php?rest_route=%2Fwp%2Fv2%2Fmedia&parent=34723"}],"wp:term":[{"taxonomy":"category","embeddable":true,"href":"https:\/\/stad10.com\/index.php?rest_route=%2Fwp%2Fv2%2Fcategories&post=34723"},{"taxonomy":"post_tag","embeddable":true,"href":"https:\/\/stad10.com\/index.php?rest_route=%2Fwp%2Fv2%2Ftags&post=34723"}],"curies":[{"name":"wp","href":"https:\/\/api.w.org\/{rel}","templated":true}]}}