{"id":35044,"date":"2025-03-06T15:29:55","date_gmt":"2025-03-06T13:29:55","guid":{"rendered":"https:\/\/stad10.com\/?p=35044"},"modified":"2025-03-06T15:29:55","modified_gmt":"2025-03-06T13:29:55","slug":"endrick-and-arda-guler-set-for-loan-moves-away-from-real-madrid","status":"publish","type":"post","link":"https:\/\/stad10.com\/?p=35044","title":{"rendered":"Endrick and Arda G\u00fcler Set for Loan Moves Away from Real Madrid"},"content":{"rendered":"<p>Real Madrid Considering Loan Moves for Endrick and Arda G\u00fcler<br \/>\nReal Madrid\u2019s summer transfer strategy is taking shape, with young stars Endrick and Arda G\u00fcler at the center of loan discussions. Despite their immense talent, both players have struggled for playing time, prompting talks about temporary moves to gain experience.<\/p>\n<p>Bundesliga Clubs Show Interest<br \/>\nAccording to Sport Bild, German clubs are closely monitoring the situation:<\/p>\n<p>Eintracht Frankfurt is interested in signing Arda G\u00fcler on loan.<br \/>\nRB Leipzig is eyeing Endrick but could also push for G\u00fcler, as they anticipate losing Xavi Simons and Benjamin \u0160e\u0161ko this summer.<br \/>\nMadrid Open to Loans, Not Sales<br \/>\nReal Madrid remains committed to both players and is not considering permanent transfers. Instead, the club sees loan deals as the best way to ensure their development.<\/p>\n<p>Arda G\u00fcler has struggled for minutes under Carlo Ancelotti, despite his technical quality.<br \/>\nEndrick, set to officially join Madrid this summer, will face stiff competition from Vin\u00edcius Jr., Rodrygo, and Kylian Mbapp\u00e9 in attack.<br \/>\nAncelotti\u2019s Approach &amp; Endrick\u2019s Uncertainty<br \/>\nAncelotti has urged patience but hasn\u2019t provided consistent game time for either player. The club believes a stint in the Bundesliga would help them return as more complete footballers.<\/p>\n<p>However, Endrick is hesitant about leaving, preferring to stay and fight for his place at Madrid, even with limited minutes.<\/p>\n<p>Decision Still Pending<br \/>\nWhile no final decision has been made, the possibility of both players heading to Germany on loan is increasing. If Madrid secures the right clubs for their growth, these moves could be pivotal for their long-term success.<\/p>\n","protected":false},"excerpt":{"rendered":"<p>Real Madrid Considering Loan Moves for Endrick and Arda G\u00fcler Real Madrid\u2019s summer transfer strategy is taking shape, with young stars Endrick and Arda G\u00fcler at the center of loan discussions. Despite their immense talent, both players have struggled for playing time, prompting talks about temporary moves to gain experience. Bundesliga Clubs Show Interest According [&hellip;]<\/p>\n","protected":false},"author":17,"featured_media":35045,"comment_status":"open","ping_status":"open","sticky":false,"template":"","format":"standard","meta":{"site-sidebar-layout":"default","site-content-layout":"","ast-site-content-layout":"","site-content-style":"default","site-sidebar-style":"default","ast-global-header-display":"","ast-banner-title-visibility":"","ast-main-header-display":"","ast-hfb-above-header-display":"","ast-hfb-below-header-display":"","ast-hfb-mobile-header-display":"","site-post-title":"","ast-breadcrumbs-content":"","ast-featured-img":"","footer-sml-layout":"","theme-transparent-header-meta":"","adv-header-id-meta":"","stick-header-meta":"","header-above-stick-meta":"","header-main-stick-meta":"","header-below-stick-meta":"","astra-migrate-meta-layouts":"default","ast-page-background-enabled":"default","ast-page-background-meta":{"desktop":{"background-color":"var(--ast-global-color-4)","background-image":"","background-repeat":"repeat","background-position":"center center","background-size":"auto","background-attachment":"scroll","background-type":"","background-media":"","overlay-type":"","overlay-color":"","overlay-opacity":"","overlay-gradient":""},"tablet":{"background-color":"","background-image":"","background-repeat":"repeat","background-position":"center center","background-size":"auto","background-attachment":"scroll","background-type":"","background-media":"","overlay-type":"","overlay-color":"","overlay-opacity":"","overlay-gradient":""},"mobile":{"background-color":"","background-image":"","background-repeat":"repeat","background-position":"center center","background-size":"auto","background-attachment":"scroll","background-type":"","background-media":"","overlay-type":"","overlay-color":"","overlay-opacity":"","overlay-gradient":""}},"ast-content-background-meta":{"desktop":{"background-color":"var(--ast-global-color-5)","background-image":"","background-repeat":"repeat","background-position":"center center","background-size":"auto","background-attachment":"scroll","background-type":"","background-media":"","overlay-type":"","overlay-color":"","overlay-opacity":"","overlay-gradient":""},"tablet":{"background-color":"var(--ast-global-color-5)","background-image":"","background-repeat":"repeat","background-position":"center center","background-size":"auto","background-attachment":"scroll","background-type":"","background-media":"","overlay-type":"","overlay-color":"","overlay-opacity":"","overlay-gradient":""},"mobile":{"background-color":"var(--ast-global-color-5)","background-image":"","background-repeat":"repeat","background-position":"center center","background-size":"auto","background-attachment":"scroll","background-type":"","background-media":"","overlay-type":"","overlay-color":"","overlay-opacity":"","overlay-gradient":""}},"footnotes":""},"categories":[30],"tags":[],"acf":[],"yoast_head":"<!-- This site is optimized with the Yoast SEO plugin v20.7 - https:\/\/yoast.com\/wordpress\/plugins\/seo\/ -->\n<title>Endrick and Arda G\u00fcler Set for Loan Moves Away from Real Madrid -<\/title>\n<meta name=\"robots\" content=\"index, follow, max-snippet:-1, max-image-preview:large, max-video-preview:-1\" \/>\n<link rel=\"canonical\" href=\"https:\/\/stad10.com\/?p=35044\" \/>\n<meta property=\"og:locale\" content=\"ar_AR\" \/>\n<meta property=\"og:type\" content=\"article\" \/>\n<meta property=\"og:title\" content=\"Endrick and Arda G\u00fcler Set for Loan Moves Away from Real Madrid -\" \/>\n<meta property=\"og:description\" content=\"Real Madrid Considering Loan Moves for Endrick and Arda G\u00fcler Real Madrid\u2019s summer transfer strategy is taking shape, with young stars Endrick and Arda G\u00fcler at the center of loan discussions. Despite their immense talent, both players have struggled for playing time, prompting talks about temporary moves to gain experience. Bundesliga Clubs Show Interest According [&hellip;]\" \/>\n<meta property=\"og:url\" content=\"https:\/\/stad10.com\/?p=35044\" \/>\n<meta property=\"article:published_time\" content=\"2025-03-06T13:29:55+00:00\" \/>\n<meta property=\"og:image\" content=\"https:\/\/stad10.com\/wp-content\/uploads\/2025\/03\/Screenshot_20250306_152845.jpg\" \/>\n\t<meta property=\"og:image:width\" content=\"847\" \/>\n\t<meta property=\"og:image:height\" content=\"537\" \/>\n\t<meta property=\"og:image:type\" content=\"image\/jpeg\" \/>\n<meta name=\"author\" content=\"ahmedmansour\" \/>\n<meta name=\"twitter:card\" content=\"summary_large_image\" \/>\n<meta name=\"twitter:label1\" content=\"\u0643\u064f\u062a\u0628 \u0628\u0648\u0627\u0633\u0637\u0629\" \/>\n\t<meta name=\"twitter:data1\" content=\"ahmedmansour\" \/>\n\t<meta name=\"twitter:label2\" content=\"\u0648\u0642\u062a \u0627\u0644\u0642\u0631\u0627\u0621\u0629 \u0627\u0644\u0645\u064f\u0642\u062f\u0651\u0631\" \/>\n\t<meta name=\"twitter:data2\" content=\"\u062f\u0642\u064a\u0642\u0629 \u0648\u0627\u062d\u062f\u0629\" \/>\n<script type=\"application\/ld+json\" class=\"yoast-schema-graph\">{\"@context\":\"https:\/\/schema.org\",\"@graph\":[{\"@type\":\"WebPage\",\"@id\":\"https:\/\/stad10.com\/?p=35044\",\"url\":\"https:\/\/stad10.com\/?p=35044\",\"name\":\"Endrick and Arda G\u00fcler Set for Loan Moves Away from Real Madrid -\",\"isPartOf\":{\"@id\":\"https:\/\/stad10.com\/#website\"},\"datePublished\":\"2025-03-06T13:29:55+00:00\",\"dateModified\":\"2025-03-06T13:29:55+00:00\",\"author\":{\"@id\":\"https:\/\/stad10.com\/#\/schema\/person\/cdfbc272a6ec86059f0727cc523eeb1b\"},\"breadcrumb\":{\"@id\":\"https:\/\/stad10.com\/?p=35044#breadcrumb\"},\"inLanguage\":\"ar\",\"potentialAction\":[{\"@type\":\"ReadAction\",\"target\":[\"https:\/\/stad10.com\/?p=35044\"]}]},{\"@type\":\"BreadcrumbList\",\"@id\":\"https:\/\/stad10.com\/?p=35044#breadcrumb\",\"itemListElement\":[{\"@type\":\"ListItem\",\"position\":1,\"name\":\"Home\",\"item\":\"https:\/\/stad10.com\/\"},{\"@type\":\"ListItem\",\"position\":2,\"name\":\"Endrick and Arda G\u00fcler Set for Loan Moves Away from Real Madrid\"}]},{\"@type\":\"WebSite\",\"@id\":\"https:\/\/stad10.com\/#website\",\"url\":\"https:\/\/stad10.com\/\",\"name\":\"\",\"description\":\"\",\"potentialAction\":[{\"@type\":\"SearchAction\",\"target\":{\"@type\":\"EntryPoint\",\"urlTemplate\":\"https:\/\/stad10.com\/?s={search_term_string}\"},\"query-input\":\"required name=search_term_string\"}],\"inLanguage\":\"ar\"},{\"@type\":\"Person\",\"@id\":\"https:\/\/stad10.com\/#\/schema\/person\/cdfbc272a6ec86059f0727cc523eeb1b\",\"name\":\"ahmedmansour\",\"image\":{\"@type\":\"ImageObject\",\"inLanguage\":\"ar\",\"@id\":\"https:\/\/stad10.com\/#\/schema\/person\/image\/\",\"url\":\"https:\/\/secure.gravatar.com\/avatar\/55a414ad7432600d48f7a74b93041be2?s=96&d=mm&r=g\",\"contentUrl\":\"https:\/\/secure.gravatar.com\/avatar\/55a414ad7432600d48f7a74b93041be2?s=96&d=mm&r=g\",\"caption\":\"ahmedmansour\"},\"url\":\"https:\/\/stad10.com\/?author=17\"}]}<\/script>\n<!-- \/ Yoast SEO plugin. -->","yoast_head_json":{"title":"Endrick and Arda G\u00fcler Set for Loan Moves Away from Real Madrid -","robots":{"index":"index","follow":"follow","max-snippet":"max-snippet:-1","max-image-preview":"max-image-preview:large","max-video-preview":"max-video-preview:-1"},"canonical":"https:\/\/stad10.com\/?p=35044","og_locale":"ar_AR","og_type":"article","og_title":"Endrick and Arda G\u00fcler Set for Loan Moves Away from Real Madrid -","og_description":"Real Madrid Considering Loan Moves for Endrick and Arda G\u00fcler Real Madrid\u2019s summer transfer strategy is taking shape, with young stars Endrick and Arda G\u00fcler at the center of loan discussions. Despite their immense talent, both players have struggled for playing time, prompting talks about temporary moves to gain experience. Bundesliga Clubs Show Interest According [&hellip;]","og_url":"https:\/\/stad10.com\/?p=35044","article_published_time":"2025-03-06T13:29:55+00:00","og_image":[{"width":847,"height":537,"url":"https:\/\/stad10.com\/wp-content\/uploads\/2025\/03\/Screenshot_20250306_152845.jpg","type":"image\/jpeg"}],"author":"ahmedmansour","twitter_card":"summary_large_image","twitter_misc":{"\u0643\u064f\u062a\u0628 \u0628\u0648\u0627\u0633\u0637\u0629":"ahmedmansour","\u0648\u0642\u062a \u0627\u0644\u0642\u0631\u0627\u0621\u0629 \u0627\u0644\u0645\u064f\u0642\u062f\u0651\u0631":"\u062f\u0642\u064a\u0642\u0629 \u0648\u0627\u062d\u062f\u0629"},"schema":{"@context":"https:\/\/schema.org","@graph":[{"@type":"WebPage","@id":"https:\/\/stad10.com\/?p=35044","url":"https:\/\/stad10.com\/?p=35044","name":"Endrick and Arda G\u00fcler Set for Loan Moves Away from Real Madrid -","isPartOf":{"@id":"https:\/\/stad10.com\/#website"},"datePublished":"2025-03-06T13:29:55+00:00","dateModified":"2025-03-06T13:29:55+00:00","author":{"@id":"https:\/\/stad10.com\/#\/schema\/person\/cdfbc272a6ec86059f0727cc523eeb1b"},"breadcrumb":{"@id":"https:\/\/stad10.com\/?p=35044#breadcrumb"},"inLanguage":"ar","potentialAction":[{"@type":"ReadAction","target":["https:\/\/stad10.com\/?p=35044"]}]},{"@type":"BreadcrumbList","@id":"https:\/\/stad10.com\/?p=35044#breadcrumb","itemListElement":[{"@type":"ListItem","position":1,"name":"Home","item":"https:\/\/stad10.com\/"},{"@type":"ListItem","position":2,"name":"Endrick and Arda G\u00fcler Set for Loan Moves Away from Real Madrid"}]},{"@type":"WebSite","@id":"https:\/\/stad10.com\/#website","url":"https:\/\/stad10.com\/","name":"","description":"","potentialAction":[{"@type":"SearchAction","target":{"@type":"EntryPoint","urlTemplate":"https:\/\/stad10.com\/?s={search_term_string}"},"query-input":"required name=search_term_string"}],"inLanguage":"ar"},{"@type":"Person","@id":"https:\/\/stad10.com\/#\/schema\/person\/cdfbc272a6ec86059f0727cc523eeb1b","name":"ahmedmansour","image":{"@type":"ImageObject","inLanguage":"ar","@id":"https:\/\/stad10.com\/#\/schema\/person\/image\/","url":"https:\/\/secure.gravatar.com\/avatar\/55a414ad7432600d48f7a74b93041be2?s=96&d=mm&r=g","contentUrl":"https:\/\/secure.gravatar.com\/avatar\/55a414ad7432600d48f7a74b93041be2?s=96&d=mm&r=g","caption":"ahmedmansour"},"url":"https:\/\/stad10.com\/?author=17"}]}},"_links":{"self":[{"href":"https:\/\/stad10.com\/index.php?rest_route=\/wp\/v2\/posts\/35044"}],"collection":[{"href":"https:\/\/stad10.com\/index.php?rest_route=\/wp\/v2\/posts"}],"about":[{"href":"https:\/\/stad10.com\/index.php?rest_route=\/wp\/v2\/types\/post"}],"author":[{"embeddable":true,"href":"https:\/\/stad10.com\/index.php?rest_route=\/wp\/v2\/users\/17"}],"replies":[{"embeddable":true,"href":"https:\/\/stad10.com\/index.php?rest_route=%2Fwp%2Fv2%2Fcomments&post=35044"}],"version-history":[{"count":1,"href":"https:\/\/stad10.com\/index.php?rest_route=\/wp\/v2\/posts\/35044\/revisions"}],"predecessor-version":[{"id":35046,"href":"https:\/\/stad10.com\/index.php?rest_route=\/wp\/v2\/posts\/35044\/revisions\/35046"}],"wp:featuredmedia":[{"embeddable":true,"href":"https:\/\/stad10.com\/index.php?rest_route=\/wp\/v2\/media\/35045"}],"wp:attachment":[{"href":"https:\/\/stad10.com\/index.php?rest_route=%2Fwp%2Fv2%2Fmedia&parent=35044"}],"wp:term":[{"taxonomy":"category","embeddable":true,"href":"https:\/\/stad10.com\/index.php?rest_route=%2Fwp%2Fv2%2Fcategories&post=35044"},{"taxonomy":"post_tag","embeddable":true,"href":"https:\/\/stad10.com\/index.php?rest_route=%2Fwp%2Fv2%2Ftags&post=35044"}],"curies":[{"name":"wp","href":"https:\/\/api.w.org\/{rel}","templated":true}]}}