{"id":35194,"date":"2025-03-08T16:30:39","date_gmt":"2025-03-08T14:30:39","guid":{"rendered":"https:\/\/stad10.com\/?p=35194"},"modified":"2025-03-08T16:30:39","modified_gmt":"2025-03-08T14:30:39","slug":"martin-odegaard-met-me-at-my-office-yesterday-to-tell-me-about-his-potential-return-to-madrid-by-the-summer-psychologically-i-dont-think-hes-okayif-not-how-can-you-think-of-returni","status":"publish","type":"post","link":"https:\/\/stad10.com\/?p=35194","title":{"rendered":"Martin \u00d8degaard met me at my office yesterday to tell me about His potential return to Madrid by the summer, Psychologically I don\u2019t think He\u2019s okay,If not How can you think of returning back to the club that thrown you out at your worse\u201d, Arsenal coach Mikel Arteta confirmed \u00d8degaard return to Real Madrid but only on TWO Conditions"},"content":{"rendered":"<p>Arteta Acknowledges \u00d8degaard\u2019s Potential Return to Real Madrid\u2014But With Two Conditions<br \/>\nIn a surprising turn of events, Arsenal manager Mikel Arteta has confirmed that Martin \u00d8degaard is considering a return to Real Madrid this summer. The Norwegian midfielder, a key figure in Arsenal\u2019s squad, reportedly held discussions with Arteta about his future and the possibility of rejoining the Spanish giants.<\/p>\n<p>\u00d8degaard\u2019s Interest in Returning to Madrid<br \/>\nArteta revealed that \u00d8degaard personally approached him to discuss the idea of going back to Real Madrid. However, the Arsenal boss expressed concerns about the emotional aspect of the decision, questioning whether the player is in the right mindset.<\/p>\n<p>\u201cPsychologically, I don\u2019t think he\u2019s okay. Otherwise, how could he consider returning to the club that let him go at his lowest point?\u201d Arteta remarked, highlighting his doubts about \u00d8degaard\u2019s motivations.<\/p>\n<p>Now Arsenal\u2019s captain and one of the Premier League\u2019s most consistent playmakers, \u00d8degaard\u2019s potential return to Madrid raises questions, given how the club loaned him out multiple times before selling him to Arsenal in 2021.<\/p>\n<p>Arteta\u2019s Two Conditions for \u00d8degaard\u2019s Exit<br \/>\nDespite his concerns, Arteta confirmed that \u00d8degaard\u2019s departure is possible\u2014if two key conditions are met:<\/p>\n<p>Real Madrid Must Meet Arsenal\u2019s Valuation<br \/>\nArsenal will not part with their captain for anything less than a significant fee. Given \u00d8degaard\u2019s importance to the squad, Madrid must be prepared to pay a premium price.<br \/>\n\u00d8degaard Must Be Mentally Prepared for the Move<br \/>\nArteta stressed that the midfielder must be fully committed and emotionally ready to return. If there\u2019s any hesitation or lingering doubts about his past at Madrid, Arsenal will not sanction the transfer.<br \/>\nWhat This Means for Real Madrid<br \/>\nMadrid\u2019s interest in \u00d8degaard fits their long-term strategy of strengthening the midfield as Luka Modri\u0107 and Toni Kroos near the end of their careers. While Jude Bellingham has thrived in an advanced role, adding \u00d8degaard could further bolster their squad depth.<\/p>\n<p>However, with Arsenal reluctant to lose their captain easily and Arteta questioning the psychological impact of the move, \u00d8degaard\u2019s return remains uncertain. The decision now rests with Real Madrid\u2014will they meet Arsenal\u2019s demands and convince \u00d8degaard that his future lies at the Bernab\u00e9u?<\/p>\n<p>Only time will tell whether this unexpected transfer will materialize.<\/p>\n","protected":false},"excerpt":{"rendered":"<p>Arteta Acknowledges \u00d8degaard\u2019s Potential Return to Real Madrid\u2014But With Two Conditions In a surprising turn of events, Arsenal manager Mikel Arteta has confirmed that Martin \u00d8degaard is considering a return to Real Madrid this summer. The Norwegian midfielder, a key figure in Arsenal\u2019s squad, reportedly held discussions with Arteta about his future and the possibility [&hellip;]<\/p>\n","protected":false},"author":17,"featured_media":35195,"comment_status":"open","ping_status":"open","sticky":false,"template":"","format":"standard","meta":{"site-sidebar-layout":"default","site-content-layout":"","ast-site-content-layout":"","site-content-style":"default","site-sidebar-style":"default","ast-global-header-display":"","ast-banner-title-visibility":"","ast-main-header-display":"","ast-hfb-above-header-display":"","ast-hfb-below-header-display":"","ast-hfb-mobile-header-display":"","site-post-title":"","ast-breadcrumbs-content":"","ast-featured-img":"","footer-sml-layout":"","theme-transparent-header-meta":"","adv-header-id-meta":"","stick-header-meta":"","header-above-stick-meta":"","header-main-stick-meta":"","header-below-stick-meta":"","astra-migrate-meta-layouts":"default","ast-page-background-enabled":"default","ast-page-background-meta":{"desktop":{"background-color":"var(--ast-global-color-4)","background-image":"","background-repeat":"repeat","background-position":"center center","background-size":"auto","background-attachment":"scroll","background-type":"","background-media":"","overlay-type":"","overlay-color":"","overlay-opacity":"","overlay-gradient":""},"tablet":{"background-color":"","background-image":"","background-repeat":"repeat","background-position":"center center","background-size":"auto","background-attachment":"scroll","background-type":"","background-media":"","overlay-type":"","overlay-color":"","overlay-opacity":"","overlay-gradient":""},"mobile":{"background-color":"","background-image":"","background-repeat":"repeat","background-position":"center center","background-size":"auto","background-attachment":"scroll","background-type":"","background-media":"","overlay-type":"","overlay-color":"","overlay-opacity":"","overlay-gradient":""}},"ast-content-background-meta":{"desktop":{"background-color":"var(--ast-global-color-5)","background-image":"","background-repeat":"repeat","background-position":"center center","background-size":"auto","background-attachment":"scroll","background-type":"","background-media":"","overlay-type":"","overlay-color":"","overlay-opacity":"","overlay-gradient":""},"tablet":{"background-color":"var(--ast-global-color-5)","background-image":"","background-repeat":"repeat","background-position":"center center","background-size":"auto","background-attachment":"scroll","background-type":"","background-media":"","overlay-type":"","overlay-color":"","overlay-opacity":"","overlay-gradient":""},"mobile":{"background-color":"var(--ast-global-color-5)","background-image":"","background-repeat":"repeat","background-position":"center center","background-size":"auto","background-attachment":"scroll","background-type":"","background-media":"","overlay-type":"","overlay-color":"","overlay-opacity":"","overlay-gradient":""}},"footnotes":""},"categories":[30],"tags":[],"acf":[],"yoast_head":"<!-- This site is optimized with the Yoast SEO plugin v20.7 - https:\/\/yoast.com\/wordpress\/plugins\/seo\/ -->\n<title>Martin \u00d8degaard met me at my office yesterday to tell me about His potential return to Madrid by the summer, Psychologically I don\u2019t think He\u2019s okay,If not How can you think of returning back to the club that thrown you out at your worse\u201d, Arsenal coach Mikel Arteta confirmed \u00d8degaard return to Real Madrid but only on TWO Conditions -<\/title>\n<meta name=\"robots\" content=\"index, follow, max-snippet:-1, max-image-preview:large, max-video-preview:-1\" \/>\n<link rel=\"canonical\" href=\"https:\/\/stad10.com\/?p=35194\" \/>\n<meta property=\"og:locale\" content=\"ar_AR\" \/>\n<meta property=\"og:type\" content=\"article\" \/>\n<meta property=\"og:title\" content=\"Martin \u00d8degaard met me at my office yesterday to tell me about His potential return to Madrid by the summer, Psychologically I don\u2019t think He\u2019s okay,If not How can you think of returning back to the club that thrown you out at your worse\u201d, Arsenal coach Mikel Arteta confirmed \u00d8degaard return to Real Madrid but only on TWO Conditions -\" \/>\n<meta property=\"og:description\" content=\"Arteta Acknowledges \u00d8degaard\u2019s Potential Return to Real Madrid\u2014But With Two Conditions In a surprising turn of events, Arsenal manager Mikel Arteta has confirmed that Martin \u00d8degaard is considering a return to Real Madrid this summer. The Norwegian midfielder, a key figure in Arsenal\u2019s squad, reportedly held discussions with Arteta about his future and the possibility [&hellip;]\" \/>\n<meta property=\"og:url\" content=\"https:\/\/stad10.com\/?p=35194\" \/>\n<meta property=\"article:published_time\" content=\"2025-03-08T14:30:39+00:00\" \/>\n<meta property=\"og:image\" content=\"https:\/\/stad10.com\/wp-content\/uploads\/2025\/03\/Screenshot_20250308_162920.jpg\" \/>\n\t<meta property=\"og:image:width\" content=\"857\" \/>\n\t<meta property=\"og:image:height\" content=\"478\" \/>\n\t<meta property=\"og:image:type\" content=\"image\/jpeg\" \/>\n<meta name=\"author\" content=\"ahmedmansour\" \/>\n<meta name=\"twitter:card\" content=\"summary_large_image\" \/>\n<meta name=\"twitter:label1\" content=\"\u0643\u064f\u062a\u0628 \u0628\u0648\u0627\u0633\u0637\u0629\" \/>\n\t<meta name=\"twitter:data1\" content=\"ahmedmansour\" \/>\n\t<meta name=\"twitter:label2\" content=\"\u0648\u0642\u062a \u0627\u0644\u0642\u0631\u0627\u0621\u0629 \u0627\u0644\u0645\u064f\u0642\u062f\u0651\u0631\" \/>\n\t<meta name=\"twitter:data2\" content=\"\u062f\u0642\u064a\u0642\u062a\u0627\u0646\" \/>\n<script type=\"application\/ld+json\" class=\"yoast-schema-graph\">{\"@context\":\"https:\/\/schema.org\",\"@graph\":[{\"@type\":\"WebPage\",\"@id\":\"https:\/\/stad10.com\/?p=35194\",\"url\":\"https:\/\/stad10.com\/?p=35194\",\"name\":\"Martin \u00d8degaard met me at my office yesterday to tell me about His potential return to Madrid by the summer, Psychologically I don\u2019t think He\u2019s okay,If not How can you think of returning back to the club that thrown you out at your worse\u201d, Arsenal coach Mikel Arteta confirmed \u00d8degaard return to Real Madrid but only on TWO Conditions -\",\"isPartOf\":{\"@id\":\"https:\/\/stad10.com\/#website\"},\"datePublished\":\"2025-03-08T14:30:39+00:00\",\"dateModified\":\"2025-03-08T14:30:39+00:00\",\"author\":{\"@id\":\"https:\/\/stad10.com\/#\/schema\/person\/cdfbc272a6ec86059f0727cc523eeb1b\"},\"breadcrumb\":{\"@id\":\"https:\/\/stad10.com\/?p=35194#breadcrumb\"},\"inLanguage\":\"ar\",\"potentialAction\":[{\"@type\":\"ReadAction\",\"target\":[\"https:\/\/stad10.com\/?p=35194\"]}]},{\"@type\":\"BreadcrumbList\",\"@id\":\"https:\/\/stad10.com\/?p=35194#breadcrumb\",\"itemListElement\":[{\"@type\":\"ListItem\",\"position\":1,\"name\":\"Home\",\"item\":\"https:\/\/stad10.com\/\"},{\"@type\":\"ListItem\",\"position\":2,\"name\":\"Martin \u00d8degaard met me at my office yesterday to tell me about His potential return to Madrid by the summer, Psychologically I don\u2019t think He\u2019s okay,If not How can you think of returning back to the club that thrown you out at your worse\u201d, Arsenal coach Mikel Arteta confirmed \u00d8degaard return to Real Madrid but only on TWO Conditions\"}]},{\"@type\":\"WebSite\",\"@id\":\"https:\/\/stad10.com\/#website\",\"url\":\"https:\/\/stad10.com\/\",\"name\":\"\",\"description\":\"\",\"potentialAction\":[{\"@type\":\"SearchAction\",\"target\":{\"@type\":\"EntryPoint\",\"urlTemplate\":\"https:\/\/stad10.com\/?s={search_term_string}\"},\"query-input\":\"required name=search_term_string\"}],\"inLanguage\":\"ar\"},{\"@type\":\"Person\",\"@id\":\"https:\/\/stad10.com\/#\/schema\/person\/cdfbc272a6ec86059f0727cc523eeb1b\",\"name\":\"ahmedmansour\",\"image\":{\"@type\":\"ImageObject\",\"inLanguage\":\"ar\",\"@id\":\"https:\/\/stad10.com\/#\/schema\/person\/image\/\",\"url\":\"https:\/\/secure.gravatar.com\/avatar\/55a414ad7432600d48f7a74b93041be2?s=96&d=mm&r=g\",\"contentUrl\":\"https:\/\/secure.gravatar.com\/avatar\/55a414ad7432600d48f7a74b93041be2?s=96&d=mm&r=g\",\"caption\":\"ahmedmansour\"},\"url\":\"https:\/\/stad10.com\/?author=17\"}]}<\/script>\n<!-- \/ Yoast SEO plugin. -->","yoast_head_json":{"title":"Martin \u00d8degaard met me at my office yesterday to tell me about His potential return to Madrid by the summer, Psychologically I don\u2019t think He\u2019s okay,If not How can you think of returning back to the club that thrown you out at your worse\u201d, Arsenal coach Mikel Arteta confirmed \u00d8degaard return to Real Madrid but only on TWO Conditions -","robots":{"index":"index","follow":"follow","max-snippet":"max-snippet:-1","max-image-preview":"max-image-preview:large","max-video-preview":"max-video-preview:-1"},"canonical":"https:\/\/stad10.com\/?p=35194","og_locale":"ar_AR","og_type":"article","og_title":"Martin \u00d8degaard met me at my office yesterday to tell me about His potential return to Madrid by the summer, Psychologically I don\u2019t think He\u2019s okay,If not How can you think of returning back to the club that thrown you out at your worse\u201d, Arsenal coach Mikel Arteta confirmed \u00d8degaard return to Real Madrid but only on TWO Conditions -","og_description":"Arteta Acknowledges \u00d8degaard\u2019s Potential Return to Real Madrid\u2014But With Two Conditions In a surprising turn of events, Arsenal manager Mikel Arteta has confirmed that Martin \u00d8degaard is considering a return to Real Madrid this summer. The Norwegian midfielder, a key figure in Arsenal\u2019s squad, reportedly held discussions with Arteta about his future and the possibility [&hellip;]","og_url":"https:\/\/stad10.com\/?p=35194","article_published_time":"2025-03-08T14:30:39+00:00","og_image":[{"width":857,"height":478,"url":"https:\/\/stad10.com\/wp-content\/uploads\/2025\/03\/Screenshot_20250308_162920.jpg","type":"image\/jpeg"}],"author":"ahmedmansour","twitter_card":"summary_large_image","twitter_misc":{"\u0643\u064f\u062a\u0628 \u0628\u0648\u0627\u0633\u0637\u0629":"ahmedmansour","\u0648\u0642\u062a \u0627\u0644\u0642\u0631\u0627\u0621\u0629 \u0627\u0644\u0645\u064f\u0642\u062f\u0651\u0631":"\u062f\u0642\u064a\u0642\u062a\u0627\u0646"},"schema":{"@context":"https:\/\/schema.org","@graph":[{"@type":"WebPage","@id":"https:\/\/stad10.com\/?p=35194","url":"https:\/\/stad10.com\/?p=35194","name":"Martin \u00d8degaard met me at my office yesterday to tell me about His potential return to Madrid by the summer, Psychologically I don\u2019t think He\u2019s okay,If not How can you think of returning back to the club that thrown you out at your worse\u201d, Arsenal coach Mikel Arteta confirmed \u00d8degaard return to Real Madrid but only on TWO Conditions -","isPartOf":{"@id":"https:\/\/stad10.com\/#website"},"datePublished":"2025-03-08T14:30:39+00:00","dateModified":"2025-03-08T14:30:39+00:00","author":{"@id":"https:\/\/stad10.com\/#\/schema\/person\/cdfbc272a6ec86059f0727cc523eeb1b"},"breadcrumb":{"@id":"https:\/\/stad10.com\/?p=35194#breadcrumb"},"inLanguage":"ar","potentialAction":[{"@type":"ReadAction","target":["https:\/\/stad10.com\/?p=35194"]}]},{"@type":"BreadcrumbList","@id":"https:\/\/stad10.com\/?p=35194#breadcrumb","itemListElement":[{"@type":"ListItem","position":1,"name":"Home","item":"https:\/\/stad10.com\/"},{"@type":"ListItem","position":2,"name":"Martin \u00d8degaard met me at my office yesterday to tell me about His potential return to Madrid by the summer, Psychologically I don\u2019t think He\u2019s okay,If not How can you think of returning back to the club that thrown you out at your worse\u201d, Arsenal coach Mikel Arteta confirmed \u00d8degaard return to Real Madrid but only on TWO Conditions"}]},{"@type":"WebSite","@id":"https:\/\/stad10.com\/#website","url":"https:\/\/stad10.com\/","name":"","description":"","potentialAction":[{"@type":"SearchAction","target":{"@type":"EntryPoint","urlTemplate":"https:\/\/stad10.com\/?s={search_term_string}"},"query-input":"required name=search_term_string"}],"inLanguage":"ar"},{"@type":"Person","@id":"https:\/\/stad10.com\/#\/schema\/person\/cdfbc272a6ec86059f0727cc523eeb1b","name":"ahmedmansour","image":{"@type":"ImageObject","inLanguage":"ar","@id":"https:\/\/stad10.com\/#\/schema\/person\/image\/","url":"https:\/\/secure.gravatar.com\/avatar\/55a414ad7432600d48f7a74b93041be2?s=96&d=mm&r=g","contentUrl":"https:\/\/secure.gravatar.com\/avatar\/55a414ad7432600d48f7a74b93041be2?s=96&d=mm&r=g","caption":"ahmedmansour"},"url":"https:\/\/stad10.com\/?author=17"}]}},"_links":{"self":[{"href":"https:\/\/stad10.com\/index.php?rest_route=\/wp\/v2\/posts\/35194"}],"collection":[{"href":"https:\/\/stad10.com\/index.php?rest_route=\/wp\/v2\/posts"}],"about":[{"href":"https:\/\/stad10.com\/index.php?rest_route=\/wp\/v2\/types\/post"}],"author":[{"embeddable":true,"href":"https:\/\/stad10.com\/index.php?rest_route=\/wp\/v2\/users\/17"}],"replies":[{"embeddable":true,"href":"https:\/\/stad10.com\/index.php?rest_route=%2Fwp%2Fv2%2Fcomments&post=35194"}],"version-history":[{"count":1,"href":"https:\/\/stad10.com\/index.php?rest_route=\/wp\/v2\/posts\/35194\/revisions"}],"predecessor-version":[{"id":35196,"href":"https:\/\/stad10.com\/index.php?rest_route=\/wp\/v2\/posts\/35194\/revisions\/35196"}],"wp:featuredmedia":[{"embeddable":true,"href":"https:\/\/stad10.com\/index.php?rest_route=\/wp\/v2\/media\/35195"}],"wp:attachment":[{"href":"https:\/\/stad10.com\/index.php?rest_route=%2Fwp%2Fv2%2Fmedia&parent=35194"}],"wp:term":[{"taxonomy":"category","embeddable":true,"href":"https:\/\/stad10.com\/index.php?rest_route=%2Fwp%2Fv2%2Fcategories&post=35194"},{"taxonomy":"post_tag","embeddable":true,"href":"https:\/\/stad10.com\/index.php?rest_route=%2Fwp%2Fv2%2Ftags&post=35194"}],"curies":[{"name":"wp","href":"https:\/\/api.w.org\/{rel}","templated":true}]}}