{"id":35425,"date":"2025-03-17T17:49:33","date_gmt":"2025-03-17T15:49:33","guid":{"rendered":"https:\/\/stad10.com\/?p=35425"},"modified":"2025-03-17T17:49:33","modified_gmt":"2025-03-17T15:49:33","slug":"hansi-flick-loses-marc-casado-and-inigo-martinez","status":"publish","type":"post","link":"https:\/\/stad10.com\/?p=35425","title":{"rendered":"Hansi Flick loses Marc Casad\u00f3 and I\u00f1igo Mart\u00ednez"},"content":{"rendered":"<p>It sounds like the midfielder has a more serious injury due to ligament damage, which could range from a minor sprain to a complete tear, requiring extended recovery time. The club is still waiting for further tests to determine the severity and treatment plan.<\/p>\n<p>Meanwhile, the center-back\u2019s internal parameniscitis, which is inflammation of the inner part of the meniscus, is typically less severe. He will undergo treatment in Barcelona, likely focusing on rest, physiotherapy, and possibly anti-inflammatory medication.<\/p>\n<p>Are you looking for more details on recovery times or possible treatments?<\/p>\n<p>Barcelona midfielder Marc Casad\u00f3 has suffered a right knee ligament injury and is awaiting further medical tests to determine the severity and treatment plan. Meanwhile, center-back \u00cd\u00f1igo Mart\u00ednez has been diagnosed with internal parameniscitis in his right knee.<\/p>\n<p>As a result, both players will miss Spain\u2019s crucial UEFA Nations League tie against the Netherlands on March 20 and 23. Their recovery will also be closely monitored ahead of Barcelona\u2019s next match after the international break, a key LaLiga fixture against Girona on Sunday, March 30, at the Llu\u00eds Companys Olympic Stadium.<\/p>\n<p>Would you like updates on their recovery timelines or potential replacements for Spain and Barcelona?<\/p>\n","protected":false},"excerpt":{"rendered":"<p>It sounds like the midfielder has a more serious injury due to ligament damage, which could range from a minor sprain to a complete tear, requiring extended recovery time. The club is still waiting for further tests to determine the severity and treatment plan. Meanwhile, the center-back\u2019s internal parameniscitis, which is inflammation of the inner [&hellip;]<\/p>\n","protected":false},"author":17,"featured_media":35426,"comment_status":"open","ping_status":"open","sticky":false,"template":"","format":"standard","meta":{"site-sidebar-layout":"default","site-content-layout":"","ast-site-content-layout":"default","site-content-style":"default","site-sidebar-style":"default","ast-global-header-display":"","ast-banner-title-visibility":"","ast-main-header-display":"","ast-hfb-above-header-display":"","ast-hfb-below-header-display":"","ast-hfb-mobile-header-display":"","site-post-title":"","ast-breadcrumbs-content":"","ast-featured-img":"","footer-sml-layout":"","theme-transparent-header-meta":"default","adv-header-id-meta":"","stick-header-meta":"","header-above-stick-meta":"","header-main-stick-meta":"","header-below-stick-meta":"","astra-migrate-meta-layouts":"set","ast-page-background-enabled":"default","ast-page-background-meta":{"desktop":{"background-color":"var(--ast-global-color-4)","background-image":"","background-repeat":"repeat","background-position":"center center","background-size":"auto","background-attachment":"scroll","background-type":"","background-media":"","overlay-type":"","overlay-color":"","overlay-opacity":"","overlay-gradient":""},"tablet":{"background-color":"","background-image":"","background-repeat":"repeat","background-position":"center center","background-size":"auto","background-attachment":"scroll","background-type":"","background-media":"","overlay-type":"","overlay-color":"","overlay-opacity":"","overlay-gradient":""},"mobile":{"background-color":"","background-image":"","background-repeat":"repeat","background-position":"center center","background-size":"auto","background-attachment":"scroll","background-type":"","background-media":"","overlay-type":"","overlay-color":"","overlay-opacity":"","overlay-gradient":""}},"ast-content-background-meta":{"desktop":{"background-color":"var(--ast-global-color-5)","background-image":"","background-repeat":"repeat","background-position":"center center","background-size":"auto","background-attachment":"scroll","background-type":"","background-media":"","overlay-type":"","overlay-color":"","overlay-opacity":"","overlay-gradient":""},"tablet":{"background-color":"var(--ast-global-color-5)","background-image":"","background-repeat":"repeat","background-position":"center center","background-size":"auto","background-attachment":"scroll","background-type":"","background-media":"","overlay-type":"","overlay-color":"","overlay-opacity":"","overlay-gradient":""},"mobile":{"background-color":"var(--ast-global-color-5)","background-image":"","background-repeat":"repeat","background-position":"center center","background-size":"auto","background-attachment":"scroll","background-type":"","background-media":"","overlay-type":"","overlay-color":"","overlay-opacity":"","overlay-gradient":""}},"footnotes":""},"categories":[30],"tags":[],"acf":[],"yoast_head":"<!-- This site is optimized with the Yoast SEO plugin v20.7 - https:\/\/yoast.com\/wordpress\/plugins\/seo\/ -->\n<title>Hansi Flick loses Marc Casad\u00f3 and I\u00f1igo Mart\u00ednez -<\/title>\n<meta name=\"robots\" content=\"index, follow, max-snippet:-1, max-image-preview:large, max-video-preview:-1\" \/>\n<link rel=\"canonical\" href=\"https:\/\/stad10.com\/?p=35425\" \/>\n<meta property=\"og:locale\" content=\"ar_AR\" \/>\n<meta property=\"og:type\" content=\"article\" \/>\n<meta property=\"og:title\" content=\"Hansi Flick loses Marc Casad\u00f3 and I\u00f1igo Mart\u00ednez -\" \/>\n<meta property=\"og:description\" content=\"It sounds like the midfielder has a more serious injury due to ligament damage, which could range from a minor sprain to a complete tear, requiring extended recovery time. The club is still waiting for further tests to determine the severity and treatment plan. Meanwhile, the center-back\u2019s internal parameniscitis, which is inflammation of the inner [&hellip;]\" \/>\n<meta property=\"og:url\" content=\"https:\/\/stad10.com\/?p=35425\" \/>\n<meta property=\"article:published_time\" content=\"2025-03-17T15:49:33+00:00\" \/>\n<meta property=\"og:image\" content=\"http:\/\/stad10.com\/wp-content\/uploads\/2025\/03\/FB_IMG_1742226448307.jpg\" \/>\n\t<meta property=\"og:image:width\" content=\"720\" \/>\n\t<meta property=\"og:image:height\" content=\"900\" \/>\n\t<meta property=\"og:image:type\" content=\"image\/jpeg\" \/>\n<meta name=\"author\" content=\"ahmedmansour\" \/>\n<meta name=\"twitter:card\" content=\"summary_large_image\" \/>\n<meta name=\"twitter:label1\" content=\"\u0643\u064f\u062a\u0628 \u0628\u0648\u0627\u0633\u0637\u0629\" \/>\n\t<meta name=\"twitter:data1\" content=\"ahmedmansour\" \/>\n<script type=\"application\/ld+json\" class=\"yoast-schema-graph\">{\"@context\":\"https:\/\/schema.org\",\"@graph\":[{\"@type\":\"WebPage\",\"@id\":\"https:\/\/stad10.com\/?p=35425\",\"url\":\"https:\/\/stad10.com\/?p=35425\",\"name\":\"Hansi Flick loses Marc Casad\u00f3 and I\u00f1igo Mart\u00ednez -\",\"isPartOf\":{\"@id\":\"https:\/\/stad10.com\/#website\"},\"datePublished\":\"2025-03-17T15:49:33+00:00\",\"dateModified\":\"2025-03-17T15:49:33+00:00\",\"author\":{\"@id\":\"https:\/\/stad10.com\/#\/schema\/person\/cdfbc272a6ec86059f0727cc523eeb1b\"},\"breadcrumb\":{\"@id\":\"https:\/\/stad10.com\/?p=35425#breadcrumb\"},\"inLanguage\":\"ar\",\"potentialAction\":[{\"@type\":\"ReadAction\",\"target\":[\"https:\/\/stad10.com\/?p=35425\"]}]},{\"@type\":\"BreadcrumbList\",\"@id\":\"https:\/\/stad10.com\/?p=35425#breadcrumb\",\"itemListElement\":[{\"@type\":\"ListItem\",\"position\":1,\"name\":\"Home\",\"item\":\"https:\/\/stad10.com\/\"},{\"@type\":\"ListItem\",\"position\":2,\"name\":\"Hansi Flick loses Marc Casad\u00f3 and I\u00f1igo Mart\u00ednez\"}]},{\"@type\":\"WebSite\",\"@id\":\"https:\/\/stad10.com\/#website\",\"url\":\"https:\/\/stad10.com\/\",\"name\":\"\",\"description\":\"\",\"potentialAction\":[{\"@type\":\"SearchAction\",\"target\":{\"@type\":\"EntryPoint\",\"urlTemplate\":\"https:\/\/stad10.com\/?s={search_term_string}\"},\"query-input\":\"required name=search_term_string\"}],\"inLanguage\":\"ar\"},{\"@type\":\"Person\",\"@id\":\"https:\/\/stad10.com\/#\/schema\/person\/cdfbc272a6ec86059f0727cc523eeb1b\",\"name\":\"ahmedmansour\",\"image\":{\"@type\":\"ImageObject\",\"inLanguage\":\"ar\",\"@id\":\"https:\/\/stad10.com\/#\/schema\/person\/image\/\",\"url\":\"https:\/\/secure.gravatar.com\/avatar\/55a414ad7432600d48f7a74b93041be2?s=96&d=mm&r=g\",\"contentUrl\":\"https:\/\/secure.gravatar.com\/avatar\/55a414ad7432600d48f7a74b93041be2?s=96&d=mm&r=g\",\"caption\":\"ahmedmansour\"},\"url\":\"https:\/\/stad10.com\/?author=17\"}]}<\/script>\n<!-- \/ Yoast SEO plugin. -->","yoast_head_json":{"title":"Hansi Flick loses Marc Casad\u00f3 and I\u00f1igo Mart\u00ednez -","robots":{"index":"index","follow":"follow","max-snippet":"max-snippet:-1","max-image-preview":"max-image-preview:large","max-video-preview":"max-video-preview:-1"},"canonical":"https:\/\/stad10.com\/?p=35425","og_locale":"ar_AR","og_type":"article","og_title":"Hansi Flick loses Marc Casad\u00f3 and I\u00f1igo Mart\u00ednez -","og_description":"It sounds like the midfielder has a more serious injury due to ligament damage, which could range from a minor sprain to a complete tear, requiring extended recovery time. The club is still waiting for further tests to determine the severity and treatment plan. Meanwhile, the center-back\u2019s internal parameniscitis, which is inflammation of the inner [&hellip;]","og_url":"https:\/\/stad10.com\/?p=35425","article_published_time":"2025-03-17T15:49:33+00:00","og_image":[{"width":720,"height":900,"url":"http:\/\/stad10.com\/wp-content\/uploads\/2025\/03\/FB_IMG_1742226448307.jpg","type":"image\/jpeg"}],"author":"ahmedmansour","twitter_card":"summary_large_image","twitter_misc":{"\u0643\u064f\u062a\u0628 \u0628\u0648\u0627\u0633\u0637\u0629":"ahmedmansour"},"schema":{"@context":"https:\/\/schema.org","@graph":[{"@type":"WebPage","@id":"https:\/\/stad10.com\/?p=35425","url":"https:\/\/stad10.com\/?p=35425","name":"Hansi Flick loses Marc Casad\u00f3 and I\u00f1igo Mart\u00ednez -","isPartOf":{"@id":"https:\/\/stad10.com\/#website"},"datePublished":"2025-03-17T15:49:33+00:00","dateModified":"2025-03-17T15:49:33+00:00","author":{"@id":"https:\/\/stad10.com\/#\/schema\/person\/cdfbc272a6ec86059f0727cc523eeb1b"},"breadcrumb":{"@id":"https:\/\/stad10.com\/?p=35425#breadcrumb"},"inLanguage":"ar","potentialAction":[{"@type":"ReadAction","target":["https:\/\/stad10.com\/?p=35425"]}]},{"@type":"BreadcrumbList","@id":"https:\/\/stad10.com\/?p=35425#breadcrumb","itemListElement":[{"@type":"ListItem","position":1,"name":"Home","item":"https:\/\/stad10.com\/"},{"@type":"ListItem","position":2,"name":"Hansi Flick loses Marc Casad\u00f3 and I\u00f1igo Mart\u00ednez"}]},{"@type":"WebSite","@id":"https:\/\/stad10.com\/#website","url":"https:\/\/stad10.com\/","name":"","description":"","potentialAction":[{"@type":"SearchAction","target":{"@type":"EntryPoint","urlTemplate":"https:\/\/stad10.com\/?s={search_term_string}"},"query-input":"required name=search_term_string"}],"inLanguage":"ar"},{"@type":"Person","@id":"https:\/\/stad10.com\/#\/schema\/person\/cdfbc272a6ec86059f0727cc523eeb1b","name":"ahmedmansour","image":{"@type":"ImageObject","inLanguage":"ar","@id":"https:\/\/stad10.com\/#\/schema\/person\/image\/","url":"https:\/\/secure.gravatar.com\/avatar\/55a414ad7432600d48f7a74b93041be2?s=96&d=mm&r=g","contentUrl":"https:\/\/secure.gravatar.com\/avatar\/55a414ad7432600d48f7a74b93041be2?s=96&d=mm&r=g","caption":"ahmedmansour"},"url":"https:\/\/stad10.com\/?author=17"}]}},"_links":{"self":[{"href":"https:\/\/stad10.com\/index.php?rest_route=\/wp\/v2\/posts\/35425"}],"collection":[{"href":"https:\/\/stad10.com\/index.php?rest_route=\/wp\/v2\/posts"}],"about":[{"href":"https:\/\/stad10.com\/index.php?rest_route=\/wp\/v2\/types\/post"}],"author":[{"embeddable":true,"href":"https:\/\/stad10.com\/index.php?rest_route=\/wp\/v2\/users\/17"}],"replies":[{"embeddable":true,"href":"https:\/\/stad10.com\/index.php?rest_route=%2Fwp%2Fv2%2Fcomments&post=35425"}],"version-history":[{"count":1,"href":"https:\/\/stad10.com\/index.php?rest_route=\/wp\/v2\/posts\/35425\/revisions"}],"predecessor-version":[{"id":35427,"href":"https:\/\/stad10.com\/index.php?rest_route=\/wp\/v2\/posts\/35425\/revisions\/35427"}],"wp:featuredmedia":[{"embeddable":true,"href":"https:\/\/stad10.com\/index.php?rest_route=\/wp\/v2\/media\/35426"}],"wp:attachment":[{"href":"https:\/\/stad10.com\/index.php?rest_route=%2Fwp%2Fv2%2Fmedia&parent=35425"}],"wp:term":[{"taxonomy":"category","embeddable":true,"href":"https:\/\/stad10.com\/index.php?rest_route=%2Fwp%2Fv2%2Fcategories&post=35425"},{"taxonomy":"post_tag","embeddable":true,"href":"https:\/\/stad10.com\/index.php?rest_route=%2Fwp%2Fv2%2Ftags&post=35425"}],"curies":[{"name":"wp","href":"https:\/\/api.w.org\/{rel}","templated":true}]}}