{"id":37919,"date":"2026-09-02T09:54:01","date_gmt":"2026-09-02T07:54:01","guid":{"rendered":"https:\/\/stad10.com\/?p=37919"},"modified":"2026-09-02T09:54:01","modified_gmt":"2026-09-02T07:54:01","slug":"triple-blow-for-real-madrid-ahead-of-inter-milan-clash-as-mourinho-is-forced-to-rethink-his-midfield","status":"publish","type":"post","link":"https:\/\/stad10.com\/?p=37919","title":{"rendered":"Triple blow for Real Madrid ahead of Inter Milan clash as Mourinho is forced to rethink his midfield"},"content":{"rendered":"<article dir=\"ltr\" lang=\"en\">\n<h1>Real Madrid suffer major blow before Inter clash as Arda G\u00fcler and two others are ruled out<\/h1>\n<p>Jos\u00e9 Mourinho could hardly have asked for a more complicated start to Real Madrid\u2019s Champions League campaign, with the highly anticipated clash against Inter Milan forcing the Portuguese manager to rethink his midfield options.<\/p>\n<p>Real Madrid will open their league-phase campaign against Inter Milan on September 8 at the Santiago Bernab\u00e9u, but they will not have a full-strength squad available after Arda G\u00fcler, Eduardo Camavinga and Bernardo Silva were ruled out through suspensions carried over from last season\u2019s European campaign.<\/p>\n<p><img decoding=\"async\" src=\"https:\/\/stad10.com\/wp-content\/uploads\/2026\/09\/photo_1316.jpg\" style=\"max-width:100%;\" \/><\/p>\n<p><img decoding=\"async\" src=\"https:\/\/stad10.com\/wp-content\/uploads\/2026\/09\/photo_5762.jpg\" style=\"max-width:100%;\" \/><\/p>\n<h2>Major absences hit Real Madrid\u2019s midfield<\/h2>\n<p>The most eye-catching absence is G\u00fcler, who had made a strong start to the new season and emerged as an increasingly important option in Mourinho\u2019s plans.<\/p>\n<p><img decoding=\"async\" src=\"https:\/\/stad10.com\/wp-content\/uploads\/2026\/09\/photo_8330.jpg\" style=\"max-width:100%;\" \/><\/p>\n<p>The Turkish midfielder received a second yellow card during Real Madrid\u2019s Champions League quarter-final second leg against Bayern Munich last season. His second booking came after the final whistle following his protests towards the referee, resulting in a one-match suspension.<\/p>\n<p>Camavinga was also sent off in the same match after receiving a second yellow card late in the game, leaving him with a suspension that carries into the opening match of the new European campaign.<\/p>\n<p>Bernardo Silva\u2019s situation is slightly different. The Portuguese midfielder carries a suspension from his time at Manchester City, having been sent off against Real Madrid in the second leg of the Champions League round of 16 after using his hand to stop an effort heading towards goal.<\/p>\n<blockquote><p>Three midfield options are unavailable against Inter at once, leaving Mourinho with the task of building a new combination for his first major European test.<\/p><\/blockquote>\n<h2>Mourinho faces a tactical dilemma<\/h2>\n<p>The issue is not simply the number of absentees, but the timing of their suspensions, with the trio missing just as Real Madrid prepare for a heavyweight Champions League opener against Inter.<\/p>\n<p>Without G\u00fcler, Camavinga and Bernardo Silva, Mourinho has fewer midfield options, while the fitness of Aur\u00e9lien Tchouam\u00e9ni remains uncertain.<\/p>\n<p>Tchouam\u00e9ni has been recovering from a fitness issue suffered during pre-season. If he receives clearance to play, he could be the leading candidate to partner Federico Valverde in a double pivot.<\/p>\n<p>If the French midfielder is not ready, Mourinho could turn to a more adventurous solution by moving Jude Bellingham into a deeper central role.<\/p>\n<p>Another, more unconventional option would be to deploy Trent Alexander-Arnold in midfield, a possibility that has emerged among the scenarios being considered to deal with the shortage of options.<\/p>\n<h2>A blow at a crucial moment<\/h2>\n<p>The timing is particularly frustrating for Real Madrid because the team have made an impressive start to the domestic season.<\/p>\n<p>Madrid recently produced a 4-0 victory over M\u00e1laga in La Liga, with G\u00fcler scoring in stoppage time after coming off the bench.<\/p>\n<p>However, the Turkish star will not be available to Mourinho for his first major European test after the suspension carried over from last season ruled him out of the Inter fixture.<\/p>\n<p>Real Madrid therefore lose not just one player, but three midfield options capable of influencing the structure of the team. That makes the build-up to September 8 particularly important as Mourinho decides which combination will start at the Bernab\u00e9u.<\/p>\n<p>The Inter clash will represent Mourinho\u2019s first major European test since returning to the Real Madrid job. The atmosphere at the Santiago Bernab\u00e9u is expected to be intense, but the Portuguese coach must find his solution before kick-off, with Inter also arriving at the new Champions League campaign with serious ambitions.<\/p>\n<\/article>\n","protected":false},"excerpt":{"rendered":"<p>Real Madrid suffer major blow before Inter clash as Arda G\u00fcler and two others are ruled out Jos\u00e9 Mourinho could hardly have asked for a more complicated start to Real Madrid\u2019s Champions League campaign, with the highly anticipated clash against Inter Milan forcing the Portuguese manager to rethink his midfield options. Real Madrid will open [&hellip;]<\/p>\n","protected":false},"author":3,"featured_media":37918,"comment_status":"open","ping_status":"open","sticky":false,"template":"","format":"standard","meta":{"site-sidebar-layout":"default","site-content-layout":"","ast-site-content-layout":"","site-content-style":"default","site-sidebar-style":"default","ast-global-header-display":"","ast-banner-title-visibility":"","ast-main-header-display":"","ast-hfb-above-header-display":"","ast-hfb-below-header-display":"","ast-hfb-mobile-header-display":"","site-post-title":"","ast-breadcrumbs-content":"","ast-featured-img":"","footer-sml-layout":"","theme-transparent-header-meta":"","adv-header-id-meta":"","stick-header-meta":"","header-above-stick-meta":"","header-main-stick-meta":"","header-below-stick-meta":"","astra-migrate-meta-layouts":"default","ast-page-background-enabled":"default","ast-page-background-meta":{"desktop":{"background-color":"var(--ast-global-color-4)","background-image":"","background-repeat":"repeat","background-position":"center center","background-size":"auto","background-attachment":"scroll","background-type":"","background-media":"","overlay-type":"","overlay-color":"","overlay-opacity":"","overlay-gradient":""},"tablet":{"background-color":"","background-image":"","background-repeat":"repeat","background-position":"center center","background-size":"auto","background-attachment":"scroll","background-type":"","background-media":"","overlay-type":"","overlay-color":"","overlay-opacity":"","overlay-gradient":""},"mobile":{"background-color":"","background-image":"","background-repeat":"repeat","background-position":"center center","background-size":"auto","background-attachment":"scroll","background-type":"","background-media":"","overlay-type":"","overlay-color":"","overlay-opacity":"","overlay-gradient":""}},"ast-content-background-meta":{"desktop":{"background-color":"var(--ast-global-color-5)","background-image":"","background-repeat":"repeat","background-position":"center center","background-size":"auto","background-attachment":"scroll","background-type":"","background-media":"","overlay-type":"","overlay-color":"","overlay-opacity":"","overlay-gradient":""},"tablet":{"background-color":"var(--ast-global-color-5)","background-image":"","background-repeat":"repeat","background-position":"center center","background-size":"auto","background-attachment":"scroll","background-type":"","background-media":"","overlay-type":"","overlay-color":"","overlay-opacity":"","overlay-gradient":""},"mobile":{"background-color":"var(--ast-global-color-5)","background-image":"","background-repeat":"repeat","background-position":"center center","background-size":"auto","background-attachment":"scroll","background-type":"","background-media":"","overlay-type":"","overlay-color":"","overlay-opacity":"","overlay-gradient":""}},"footnotes":""},"categories":[933],"tags":[],"class_list":["post-37919","post","type-post","status-publish","format-standard","has-post-thumbnail","hentry","category-rreal-madrid"],"_links":{"self":[{"href":"https:\/\/stad10.com\/index.php?rest_route=\/wp\/v2\/posts\/37919","targetHints":{"allow":["GET"]}}],"collection":[{"href":"https:\/\/stad10.com\/index.php?rest_route=\/wp\/v2\/posts"}],"about":[{"href":"https:\/\/stad10.com\/index.php?rest_route=\/wp\/v2\/types\/post"}],"author":[{"embeddable":true,"href":"https:\/\/stad10.com\/index.php?rest_route=\/wp\/v2\/users\/3"}],"replies":[{"embeddable":true,"href":"https:\/\/stad10.com\/index.php?rest_route=%2Fwp%2Fv2%2Fcomments&post=37919"}],"version-history":[{"count":0,"href":"https:\/\/stad10.com\/index.php?rest_route=\/wp\/v2\/posts\/37919\/revisions"}],"wp:featuredmedia":[{"embeddable":true,"href":"https:\/\/stad10.com\/index.php?rest_route=\/wp\/v2\/media\/37918"}],"wp:attachment":[{"href":"https:\/\/stad10.com\/index.php?rest_route=%2Fwp%2Fv2%2Fmedia&parent=37919"}],"wp:term":[{"taxonomy":"category","embeddable":true,"href":"https:\/\/stad10.com\/index.php?rest_route=%2Fwp%2Fv2%2Fcategories&post=37919"},{"taxonomy":"post_tag","embeddable":true,"href":"https:\/\/stad10.com\/index.php?rest_route=%2Fwp%2Fv2%2Ftags&post=37919"}],"curies":[{"name":"wp","href":"https:\/\/api.w.org\/{rel}","templated":true}]}}