{"id":37923,"date":"2026-09-02T11:15:42","date_gmt":"2026-09-02T09:15:42","guid":{"rendered":"https:\/\/stad10.com\/?p=37923"},"modified":"2026-09-02T11:32:36","modified_gmt":"2026-09-02T09:32:36","slug":"new-legal-blow-for-raul-asencio-as-gran-canaria-case-ends-with-fine-and-driving-ban","status":"publish","type":"post","link":"https:\/\/stad10.com\/?p=37923","title":{"rendered":"New Legal Blow for Ra\u00fal Asencio as Gran Canaria Case Ends With Fine and Driving Ban"},"content":{"rendered":"<article dir=\"ltr\" lang=\"en\">\n<h1>Ra\u00fal Asencio Handed New Court Punishment in Spain With \u20ac14,400 Fine and Eight-Month Driving Ban<\/h1>\n<p>Ra\u00fal Asencio, the Real Madrid defender, has been handed a court punishment in Spain following a drink-driving incident in Gran Canaria, with the case ending in a financial penalty and an eight-month driving ban.<\/p>\n<p>The incident dates back to 16 August 2026, when Asencio was stopped at a traffic checkpoint in the municipality of San Bartolom\u00e9 de Tirajana in southern Gran Canaria and was subjected to a breathalyser test.<\/p>\n<p>According to Spanish reports, the test recorded 0.90 mg\/l of alcohol in exhaled air, almost four times the legal limit for ordinary drivers in Spain, which is set at 0.25 mg\/l.<\/p>\n<blockquote><p>Asencio admitted the facts during a fast-track hearing and accepted a \u20ac14,400 fine along with an eight-month driving ban.<\/p><\/blockquote>\n<p>Three days after the incident, the Real Madrid defender appeared before a court in San Bartolom\u00e9 de Tirajana during a fast-track hearing, where he admitted the facts and accepted the punishment.<\/p>\n<p>The sentence included a daily fine of \u20ac120 for four months, bringing the total to \u20ac14,400, as well as an eight-month suspension of his driving licence.<\/p>\n<p>Reports indicate that the incident did not involve a road accident or reckless driving, with the player instead stopped during a preventive traffic operation in the area.<\/p>\n<p>Asencio was driving a Porsche when he was stopped in the early hours of 16 August, after which one of his companions took over driving the vehicle once the police procedure had been completed.<\/p>\n<p>The punishment comes at a sensitive time for the Spanish defender, who is facing a difficult period away from the pitch while attempting to continue his career with Real Madrid&#8217;s first team.<\/p>\n<p>According to Spanish reports, the driving case is separate from another legal matter involving the player dating back to events in Gran Canaria during the summer of 2023.<\/p>\n<p>For now, the driving-related punishment is the ruling that has already been issued, following Asencio&#8217;s admission of the incident and acceptance of the financial penalty and driving ban.<\/p>\n<p>Ra\u00fal Asencio must now deal with fresh legal consequences away from football, while attention remains on his sporting future and his ability to move beyond this difficult period and refocus on the game.<\/p>\n<\/article>\n<blockquote class=\"twitter-tweet\" data-media-max-width=\"560\">\n<p lang=\"es\" dir=\"ltr\">Alguien deber\u00eda hablar como un padre a Asencio y dejarle las cosas claras. <\/p>\n<p>Un jugador del Madrid no puede estar metido en estos temas. El a\u00f1o pasado ya sali\u00f3 as\u00ed de la cena del equipo. <\/p>\n<p> <a href=\"https:\/\/t.co\/hQr4DBrcFj\">pic.twitter.com\/hQr4DBrcFj<\/a> <a href=\"https:\/\/t.co\/3muVgiX4Jk\">https:\/\/t.co\/3muVgiX4Jk<\/a><\/p>\n<p>&mdash; ( fan) Real Madrid Fans \ud83e\udd0d (@Madridismoreal) <a href=\"https:\/\/x.com\/Madridismoreal\/status\/2095080206000156861?ref_src=twsrc%5Etfw\">September 2, 2026<\/a><\/p><\/blockquote>\n<p> <script async src=\"https:\/\/platform.x.com\/widgets.js\" charset=\"utf-8\"><\/script><\/p>\n","protected":false},"excerpt":{"rendered":"<p>Ra\u00fal Asencio Handed New Court Punishment in Spain With \u20ac14,400 Fine and Eight-Month Driving Ban Ra\u00fal Asencio, the Real Madrid defender, has been handed a court punishment in Spain following a drink-driving incident in Gran Canaria, with the case ending in a financial penalty and an eight-month driving ban. The incident dates back to 16 [&hellip;]<\/p>\n","protected":false},"author":3,"featured_media":37922,"comment_status":"open","ping_status":"open","sticky":false,"template":"","format":"standard","meta":{"site-sidebar-layout":"default","site-content-layout":"","ast-site-content-layout":"default","site-content-style":"default","site-sidebar-style":"default","ast-global-header-display":"","ast-banner-title-visibility":"","ast-main-header-display":"","ast-hfb-above-header-display":"","ast-hfb-below-header-display":"","ast-hfb-mobile-header-display":"","site-post-title":"","ast-breadcrumbs-content":"","ast-featured-img":"","footer-sml-layout":"","theme-transparent-header-meta":"default","adv-header-id-meta":"","stick-header-meta":"","header-above-stick-meta":"","header-main-stick-meta":"","header-below-stick-meta":"","astra-migrate-meta-layouts":"set","ast-page-background-enabled":"default","ast-page-background-meta":{"desktop":{"background-color":"var(--ast-global-color-4)","background-image":"","background-repeat":"repeat","background-position":"center center","background-size":"auto","background-attachment":"scroll","background-type":"","background-media":"","overlay-type":"","overlay-color":"","overlay-opacity":"","overlay-gradient":""},"tablet":{"background-color":"","background-image":"","background-repeat":"repeat","background-position":"center center","background-size":"auto","background-attachment":"scroll","background-type":"","background-media":"","overlay-type":"","overlay-color":"","overlay-opacity":"","overlay-gradient":""},"mobile":{"background-color":"","background-image":"","background-repeat":"repeat","background-position":"center center","background-size":"auto","background-attachment":"scroll","background-type":"","background-media":"","overlay-type":"","overlay-color":"","overlay-opacity":"","overlay-gradient":""}},"ast-content-background-meta":{"desktop":{"background-color":"var(--ast-global-color-5)","background-image":"","background-repeat":"repeat","background-position":"center center","background-size":"auto","background-attachment":"scroll","background-type":"","background-media":"","overlay-type":"","overlay-color":"","overlay-opacity":"","overlay-gradient":""},"tablet":{"background-color":"var(--ast-global-color-5)","background-image":"","background-repeat":"repeat","background-position":"center center","background-size":"auto","background-attachment":"scroll","background-type":"","background-media":"","overlay-type":"","overlay-color":"","overlay-opacity":"","overlay-gradient":""},"mobile":{"background-color":"var(--ast-global-color-5)","background-image":"","background-repeat":"repeat","background-position":"center center","background-size":"auto","background-attachment":"scroll","background-type":"","background-media":"","overlay-type":"","overlay-color":"","overlay-opacity":"","overlay-gradient":""}},"footnotes":""},"categories":[933],"tags":[],"class_list":["post-37923","post","type-post","status-publish","format-standard","has-post-thumbnail","hentry","category-rreal-madrid"],"_links":{"self":[{"href":"https:\/\/stad10.com\/index.php?rest_route=\/wp\/v2\/posts\/37923","targetHints":{"allow":["GET"]}}],"collection":[{"href":"https:\/\/stad10.com\/index.php?rest_route=\/wp\/v2\/posts"}],"about":[{"href":"https:\/\/stad10.com\/index.php?rest_route=\/wp\/v2\/types\/post"}],"author":[{"embeddable":true,"href":"https:\/\/stad10.com\/index.php?rest_route=\/wp\/v2\/users\/3"}],"replies":[{"embeddable":true,"href":"https:\/\/stad10.com\/index.php?rest_route=%2Fwp%2Fv2%2Fcomments&post=37923"}],"version-history":[{"count":1,"href":"https:\/\/stad10.com\/index.php?rest_route=\/wp\/v2\/posts\/37923\/revisions"}],"predecessor-version":[{"id":37924,"href":"https:\/\/stad10.com\/index.php?rest_route=\/wp\/v2\/posts\/37923\/revisions\/37924"}],"wp:featuredmedia":[{"embeddable":true,"href":"https:\/\/stad10.com\/index.php?rest_route=\/wp\/v2\/media\/37922"}],"wp:attachment":[{"href":"https:\/\/stad10.com\/index.php?rest_route=%2Fwp%2Fv2%2Fmedia&parent=37923"}],"wp:term":[{"taxonomy":"category","embeddable":true,"href":"https:\/\/stad10.com\/index.php?rest_route=%2Fwp%2Fv2%2Fcategories&post=37923"},{"taxonomy":"post_tag","embeddable":true,"href":"https:\/\/stad10.com\/index.php?rest_route=%2Fwp%2Fv2%2Ftags&post=37923"}],"curies":[{"name":"wp","href":"https:\/\/api.w.org\/{rel}","templated":true}]}}